{"id":254112,"date":"2026-04-28T08:57:24","date_gmt":"2026-04-28T15:57:24","guid":{"rendered":"https:\/\/rnoticias.com.mx\/Portal\/?p=254112"},"modified":"2026-04-28T08:57:24","modified_gmt":"2026-04-28T15:57:24","slug":"determina-ine-que-es-viable-el-voto-de-personas-en-prision-preventiva-en-un-proceso-electoral-judicial","status":"publish","type":"post","link":"https:\/\/rnoticias.com.mx\/Portal\/2026\/04\/28\/determina-ine-que-es-viable-el-voto-de-personas-en-prision-preventiva-en-un-proceso-electoral-judicial\/","title":{"rendered":"Determina INE que es viable el Voto de Personas en Prisi\u00f3n Preventiva en un proceso electoral judicial"},"content":{"rendered":"<p class=\"x_MsoNormal\"><span data-olk-copy-source=\"MessageBody\">\u00a0<\/span><\/p>\n<p class=\"x_MsoNormal\">El Consejo General del Instituto Nacional Electoral (INE) defini\u00f3 el procedimiento para organizar el Voto de las Personas en Prisi\u00f3n Preventiva (VPPP) por primera vez en un proceso electoral judicial, espec\u00edficamente de las Magistraturas de la Sala Superior del Tribunal Electoral del Poder Judicial de la Federaci\u00f3n (TEPJF).<\/p>\n<p class=\"x_MsoNormal\">\n<p class=\"x_MsoNormal\">De acuerdo con el Estudio de viabilidad para determinar el procedimiento para organizar el VPPP en el Proceso Electoral del Poder Judicial de la Federaci\u00f3n (PJF) 2026\u20132027, se determinan las condiciones necesarias a fin de garantizar el ejercicio del sufragio de esta poblaci\u00f3n, y se establece que, en su momento, conforme a los resultados y evidencias obtenidas, se analice la viabilidad de la ampliaci\u00f3n de cargos a elegir en futuros procesos electivos de personas juzgadoras.<\/p>\n<p class=\"x_MsoNormal\">\n<p class=\"x_MsoNormal\">En sesi\u00f3n extraordinaria del PJF, el m\u00e1ximo \u00f3rgano de direcci\u00f3n del Instituto conoci\u00f3 el estudio que delimita a la poblaci\u00f3n objetivo y precisa los alcances del modelo de votaci\u00f3n aplicable, con el fin de contar con un mecanismo espec\u00edfico para la emisi\u00f3n del sufragio en condiciones diferenciadas respecto del resto del electorado.<\/p>\n<p class=\"x_MsoNormal\">\n<p class=\"x_MsoNormal\">Al respecto, el Consejero Mart\u00edn Faz Mora, presidente de la Comisi\u00f3n de Organizaci\u00f3n Electoral, inform\u00f3 que este estudio de viabilidad surge del mandato jurisdiccional que reconoce los derechos pol\u00edtico-electorales de la poblaci\u00f3n penitenciaria, bajo el principio de presunci\u00f3n de inocencia. El an\u00e1lisis, agreg\u00f3, identifica como un desaf\u00edo sustantivo garantizar el voto informado en entornos de acceso limitado a la informaci\u00f3n, donde no participan los partidos pol\u00edticos.<\/p>\n<p class=\"x_MsoNormal\">\n<p class=\"x_MsoNormal\">Es por ello, dijo, la implementaci\u00f3n efectiva de este derecho exige contar con recursos presupuestales suficientes y oportunos para personal especializado, traslados y capacitaci\u00f3n, pues la insuficiencia financiera se identifica como una barrera que puede derivar en una regresi\u00f3n de los derechos humanos. En conclusi\u00f3n, puntualiz\u00f3, se trata de una hoja de ruta t\u00e9cnica y normativa que sujeta la garant\u00eda de este derecho a una corresponsabilidad institucional y financiera, que asegure la certeza e integridad del proceso electoral.<\/p>\n<p class=\"x_MsoNormal\">\n<p class=\"x_MsoNormal\">El estudio confirma que el voto de las personas en prisi\u00f3n preventiva es viable bajo condiciones muy espec\u00edficas, se\u00f1al\u00f3, por lo que corresponder\u00e1 al Consejo General, en su momento, determinar bajo qu\u00e9 condiciones y con qu\u00e9 alcance se puede garantizar este derecho.<\/p>\n<p class=\"x_MsoNormal\">\n<p class=\"x_MsoNormal\">Por otra parte, el Consejo General dio cumplimiento a tres sentencias de las salas Superior y Regional de la Ciudad de M\u00e9xico del TEPJF, mediante las cuales se determin\u00f3 aplicar s\u00f3lo dos amonestaciones p\u00fablicas y reducir una sanci\u00f3n econ\u00f3mica a personas candidatas a juzgadoras.<\/p>\n","protected":false},"excerpt":{"rendered":"<p>\u00a0 El Consejo General del Instituto Nacional Electoral (INE) defini\u00f3 el procedimiento para organizar el Voto de las Personas en Prisi\u00f3n Preventiva (VPPP) por primera vez en un proceso electoral judicial, espec\u00edficamente de las Magistraturas de la Sala Superior del Tribunal Electoral del Poder Judicial de la Federaci\u00f3n (TEPJF). De acuerdo con el Estudio de [&hellip;]<\/p>\n","protected":false},"author":2,"featured_media":254113,"comment_status":"closed","ping_status":"closed","sticky":false,"template":"","format":"standard","meta":{"footnotes":""},"categories":[12870,12868],"tags":[12865,12879],"class_list":["post-254112","post","type-post","status-publish","format-standard","has-post-thumbnail","hentry","category-destacadas","category-politica","tag-destacadas","tag-politica"],"jetpack_featured_media_url":"https:\/\/rnoticias.com.mx\/Portal\/wp-content\/uploads\/2026\/04\/WhatsApp-Image-2026-04-27-at-1.15.00-PM.jpeg","amp_enabled":true,"_links":{"self":[{"href":"https:\/\/rnoticias.com.mx\/Portal\/wp-json\/wp\/v2\/posts\/254112","targetHints":{"allow":["GET"]}}],"collection":[{"href":"https:\/\/rnoticias.com.mx\/Portal\/wp-json\/wp\/v2\/posts"}],"about":[{"href":"https:\/\/rnoticias.com.mx\/Portal\/wp-json\/wp\/v2\/types\/post"}],"author":[{"embeddable":true,"href":"https:\/\/rnoticias.com.mx\/Portal\/wp-json\/wp\/v2\/users\/2"}],"replies":[{"embeddable":true,"href":"https:\/\/rnoticias.com.mx\/Portal\/wp-json\/wp\/v2\/comments?post=254112"}],"version-history":[{"count":1,"href":"https:\/\/rnoticias.com.mx\/Portal\/wp-json\/wp\/v2\/posts\/254112\/revisions"}],"predecessor-version":[{"id":254114,"href":"https:\/\/rnoticias.com.mx\/Portal\/wp-json\/wp\/v2\/posts\/254112\/revisions\/254114"}],"wp:featuredmedia":[{"embeddable":true,"href":"https:\/\/rnoticias.com.mx\/Portal\/wp-json\/wp\/v2\/media\/254113"}],"wp:attachment":[{"href":"https:\/\/rnoticias.com.mx\/Portal\/wp-json\/wp\/v2\/media?parent=254112"}],"wp:term":[{"taxonomy":"category","embeddable":true,"href":"https:\/\/rnoticias.com.mx\/Portal\/wp-json\/wp\/v2\/categories?post=254112"},{"taxonomy":"post_tag","embeddable":true,"href":"https:\/\/rnoticias.com.mx\/Portal\/wp-json\/wp\/v2\/tags?post=254112"}],"curies":[{"name":"wp","href":"https:\/\/api.w.org\/{rel}","templated":true}]}}