{"id":254106,"date":"2026-04-28T08:54:22","date_gmt":"2026-04-28T15:54:22","guid":{"rendered":"https:\/\/rnoticias.com.mx\/Portal\/?p=254106"},"modified":"2026-04-28T08:54:22","modified_gmt":"2026-04-28T15:54:22","slug":"hombre-armado-ataca-oficina-publica-y-tribunal-en-atenas","status":"publish","type":"post","link":"https:\/\/rnoticias.com.mx\/Portal\/2026\/04\/28\/hombre-armado-ataca-oficina-publica-y-tribunal-en-atenas\/","title":{"rendered":"Hombre armado ataca oficina p\u00fablica y tribunal en Atenas"},"content":{"rendered":"<p>La polic\u00eda de la capital griega despleg\u00f3 un operativo para localizar a<strong>\u00a0un hombre armado, de aproximadamente 89 a\u00f1os, quien este martes atac\u00f3 a varias personas en distintos puntos del centro de Atenas<\/strong>, dejando al menos cuatro heridos tras realizar disparos tanto en una oficina de seguridad social como en un tribunal.<\/p>\n<p><mark><strong>De acuerdo con los primeros informes, el presunto agresor, que portaba una escopeta, abri\u00f3 fuego inicialmente dentro de una oficina de seguridad social, donde lesion\u00f3 a un trabajador.<\/strong><\/mark>\u00a0Elementos policiales acudieron al lugar para brindar atenci\u00f3n al herido; sin embargo, el atacante logr\u00f3 escapar antes de ser detenido.<\/p>\n<p>Los medios locales difundieron im\u00e1genes de c\u00e1maras de seguridad que dijeron proven\u00edan de una tienda cercana a la oficina de seguridad social, en las que se ve\u00eda a un hombre caminando tranquilamente por la calle llevando lo que parec\u00eda ser una escopeta de ca\u00f1\u00f3n corto en la mano derecha.<\/p>\n<p>La polic\u00eda se\u00f1al\u00f3 que se sospechaba que el mismo hombre posteriormente abri\u00f3 fuego en la planta baja de un edificio judicial en otra parte del centro de Atenas, donde varias personas resultaron heridas, y a\u00f1adi\u00f3 que las autoridades hab\u00edan encontrado la escopeta.<\/p>\n<p>Im\u00e1genes de la radiotelevisi\u00f3n estatal ERT News\u00a0<mark><strong>mostraron a equipos de ambulancias trasladando al menos a tres personas desde el tribunal hasta ambulancias que esperaban.<\/strong><\/mark><\/p>\n<p>El jefe del Sindicato de Empleados Judiciales de Atenas, Stratis Dounias, dijo que la informaci\u00f3n inicial indicaba que el hombre hab\u00eda disparado al suelo dentro de una de las oficinas del edificio judicial. Al menos tres empleadas del tribunal resultaron levemente heridas por perdigones de escopeta que rebotaron, mientras que informes de medios se\u00f1alaron que una cuarta empleada fue trasladada a un hospital sin lesiones f\u00edsicas.<\/p>\n<p>&nbsp;<\/p>\n<h2>El motivo del tiroteo en Atenas no est\u00e1 claro<\/h2>\n<p>El motivo del tiroteo no estaba claro. ERT inform\u00f3 que, al parecer,\u00a0<mark><strong>el atacante hab\u00eda dejado sobres con documentos despu\u00e9s del tiroteo en el tribunal, diciendo que esos eran los motivos de sus acciones.<\/strong><\/mark><\/p>\n<p>Alexandros Varveris , jefe del Fondo Nacional de Seguridad Social conocido por su acr\u00f3nimo griego EFKA, dijo que el atacante hab\u00eda ido al cuarto piso de las oficinas del fondo de seguridad social en la zona de Kerameikos, en el centro de Atenas, y abri\u00f3 fuego despu\u00e9s de decirle a un empleado que &#8220;se agachara&#8221;.\u00a0<strong>Su disparo alcanz\u00f3 a otro empleado, que result\u00f3 herido en la pierna, dijo Varveris, y a\u00f1adi\u00f3 que el atacante llevaba una gabardina bajo la cual hab\u00eda ocultado la escopeta.<\/strong><\/p>\n<p>&#8220;Entr\u00f3, subi\u00f3 al cuarto piso, levant\u00f3 su escopeta, le dijo a un empleado que se agachara y alcanz\u00f3 a otro&#8221;, dijo Varveris a la radio de ERT. Se\u00f1al\u00f3 que no parec\u00eda que el atacante hubiera apuntado espec\u00edficamente al empleado al que alcanz\u00f3.<\/p>\n<p>El empleado herido fue trasladado a un hospital, despu\u00e9s de que la polic\u00eda le aplicara un torniquete en la pierna en el lugar.<\/p>\n<p><mark><strong>La violencia armada es relativamente rara en Grecia, donde la posesi\u00f3n de armas de fuego est\u00e1 permitida pero estrictamente regulada.<\/strong><\/mark><\/p>\n","protected":false},"excerpt":{"rendered":"<p>La polic\u00eda de la capital griega despleg\u00f3 un operativo para localizar a\u00a0un hombre armado, de aproximadamente 89 a\u00f1os, quien este martes atac\u00f3 a varias personas en distintos puntos del centro de Atenas, dejando al menos cuatro heridos tras realizar disparos tanto en una oficina de seguridad social como en un tribunal. De acuerdo con los [&hellip;]<\/p>\n","protected":false},"author":2,"featured_media":254107,"comment_status":"closed","ping_status":"closed","sticky":false,"template":"","format":"standard","meta":{"footnotes":""},"categories":[182],"tags":[12871],"class_list":["post-254106","post","type-post","status-publish","format-standard","has-post-thumbnail","hentry","category-internacional","tag-internacional"],"jetpack_featured_media_url":"https:\/\/rnoticias.com.mx\/Portal\/wp-content\/uploads\/2026\/04\/nfAr0S63qY_1300x867.jpg","amp_enabled":true,"_links":{"self":[{"href":"https:\/\/rnoticias.com.mx\/Portal\/wp-json\/wp\/v2\/posts\/254106","targetHints":{"allow":["GET"]}}],"collection":[{"href":"https:\/\/rnoticias.com.mx\/Portal\/wp-json\/wp\/v2\/posts"}],"about":[{"href":"https:\/\/rnoticias.com.mx\/Portal\/wp-json\/wp\/v2\/types\/post"}],"author":[{"embeddable":true,"href":"https:\/\/rnoticias.com.mx\/Portal\/wp-json\/wp\/v2\/users\/2"}],"replies":[{"embeddable":true,"href":"https:\/\/rnoticias.com.mx\/Portal\/wp-json\/wp\/v2\/comments?post=254106"}],"version-history":[{"count":1,"href":"https:\/\/rnoticias.com.mx\/Portal\/wp-json\/wp\/v2\/posts\/254106\/revisions"}],"predecessor-version":[{"id":254108,"href":"https:\/\/rnoticias.com.mx\/Portal\/wp-json\/wp\/v2\/posts\/254106\/revisions\/254108"}],"wp:featuredmedia":[{"embeddable":true,"href":"https:\/\/rnoticias.com.mx\/Portal\/wp-json\/wp\/v2\/media\/254107"}],"wp:attachment":[{"href":"https:\/\/rnoticias.com.mx\/Portal\/wp-json\/wp\/v2\/media?parent=254106"}],"wp:term":[{"taxonomy":"category","embeddable":true,"href":"https:\/\/rnoticias.com.mx\/Portal\/wp-json\/wp\/v2\/categories?post=254106"},{"taxonomy":"post_tag","embeddable":true,"href":"https:\/\/rnoticias.com.mx\/Portal\/wp-json\/wp\/v2\/tags?post=254106"}],"curies":[{"name":"wp","href":"https:\/\/api.w.org\/{rel}","templated":true}]}}