{"id":254103,"date":"2026-04-28T08:53:04","date_gmt":"2026-04-28T15:53:04","guid":{"rendered":"https:\/\/rnoticias.com.mx\/Portal\/?p=254103"},"modified":"2026-04-28T08:53:04","modified_gmt":"2026-04-28T15:53:04","slug":"tres-mil-drones-iluminan-los-cielos-de-viena-durante-ceremonia-de-homenaje","status":"publish","type":"post","link":"https:\/\/rnoticias.com.mx\/Portal\/2026\/04\/28\/tres-mil-drones-iluminan-los-cielos-de-viena-durante-ceremonia-de-homenaje\/","title":{"rendered":"Tres mil drones iluminan los cielos de Viena durante ceremonia de homenaje"},"content":{"rendered":"<p><mark>Cientos de personas se congregaron en\u00a0<strong>Viena\u00a0<\/strong>para presenciar un impresionante espect\u00e1culo de\u00a0<strong>3 mil drones<\/strong>\u00a0que ilumin\u00f3 el cielo sobre el hist\u00f3rico\u00a0<strong>Palacio de Sch\u00f6nbrunn<\/strong>,<\/mark>\u00a0como parte de las celebraciones por el inicio del\u00a0<strong>Festival de Eurovisi\u00f3n<\/strong>.<\/p>\n<p>La exhibici\u00f3n a\u00e9rea rindi\u00f3 homenaje a los<strong>\u00a0tres artistas<\/strong>\u00a0austr\u00edacos que han\u00a0<strong>conquistado el certamen\u00a0<\/strong>a lo largo de su historia:<strong>\u00a0Udo J\u00fcrgens<\/strong>, ganador en 1966;\u00a0<strong>Conchita Wurst<\/strong>, quien triunf\u00f3 en 2014; y<strong>\u00a0JJ<\/strong>, vencedor en la edici\u00f3n de 2025.<\/p>\n<p>Organizado por la\u00a0<strong>emisora austr\u00edaca \u00d63<\/strong>, el show fue considerado uno de los m\u00e1s grandes de su tipo en Europa y marc\u00f3 el arranque de la\u00a0<strong>edici\u00f3n n\u00famero 70<\/strong>\u00a0de Eurovisi\u00f3n, que se celebrar\u00e1 del 12 al 16 de mayo en la capital austr\u00edaca.<\/p>\n<p>El evento, de\u00a0<strong>acceso gratuito<\/strong>, pudo disfrutarse desde el mercado de primavera instalado en el patio principal del emblem\u00e1tico palacio, donde asistentes y turistas se reunieron para contemplar la\u00a0<strong>coreograf\u00eda luminosa\u00a0<\/strong>en el cielo nocturno.<\/p>\n<h2>La popularidad de los espect\u00e1culos con drones<\/h2>\n<p>Hasta ahora,<mark>\u00a0en Europa solo se hab\u00eda realizado una exhibici\u00f3n de<strong>\u00a03 mil drones\u00a0<\/strong>en septiembre de 2025 en el Vaticano, durante el concierto \u201c<strong>Grace for the World<\/strong>\u201d<\/mark>, con la participaci\u00f3n de<strong>\u00a0Andrea Bocelli<\/strong>\u00a0y\u00a0<strong>Pharrell Williams<\/strong>. &#8220;Con el espect\u00e1culo de drones de\u00a0<strong>Eurovisi\u00f3n\u00a0<\/strong>lanzamos una se\u00f1al espectacular y hacemos visible el concurso en el cielo sobre Viena&#8221;, destac\u00f3 el productor ejecutivo del certamen, Michael Kr\u00f6n, en un comunicado.<\/p>\n<p>A nivel global, los espect\u00e1culos de<strong>\u00a0enjambres de drones\u00a0<\/strong>est\u00e1n\u00a0<strong>reemplazando\u00a0<\/strong>r\u00e1pidamente a los<strong>\u00a0fuegos artificiales<\/strong>\u00a0tradicionales en ceremonias de apertura y eventos internacionales de gran envergadura.<\/p>\n<h2>El alcance de los shows de drones<\/h2>\n<p>Por su parte, el consejero delegado de la empresa organizadora\u00a0<strong>Cyberdrone<\/strong>, Silvio Peruci, subray\u00f3 que,\u00a0<mark>como austr\u00edaco, le enorgullec\u00eda enormemente formar parte de un evento de tales dimensiones, en &#8220;uno de los\u00a0<strong>mayores\u00a0<\/strong>espect\u00e1culos de drones que Europa haya visto&#8221;.<\/mark><\/p>\n<p>Empresas como Cyberdrone han liderado esta tendencia, ejecutando coreograf\u00edas a\u00e9reas complejas en eventos de alto perfil, desde<strong>\u00a0exhibiciones aeroespaciales<\/strong>\u00a0en Dub\u00e1i hasta celebraciones culturales en Europa. La capacidad de proyectar\u00a0<strong>animaciones\u00a0<\/strong>tridimensionales y mensajes\u00a0<strong>personalizados\u00a0<\/strong>en el cielo nocturno ha convertido a esta tecnolog\u00eda en la opci\u00f3n predilecta para inauguraciones globales como la de Eurovisi\u00f3n.<\/p>\n<p>La\u00a0<strong>direcci\u00f3n musical<\/strong>\u00a0fue a cargo de la productora Dorothee Freiberger e incluy\u00f3 un repertorio de canciones ganadoras de\u00a0<strong>Eurovisi\u00f3n<\/strong>, as\u00ed como de la m\u00fasica oficial del certamen este 2026.<\/p>\n<p><strong>Udo J\u00fcrgens<\/strong>\u00a0fue ganador del\u00a0<strong>Festival de Eurovisi\u00f3n en 1966\u00a0<\/strong>con la canci\u00f3n &#8220;<strong>Merci, Ch\u00e9rie&#8221;<\/strong>, mientras que la artista Conchita Wurst gan\u00f3 el certamen en 2014 con &#8216;Rise Like a Phoenix&#8217;, convirti\u00e9ndose en un s\u00edmbolo internacional de diversidad y derechos<strong>\u00a0LGTBI<\/strong>. En cuanto a JJ, fue el ganador m\u00e1s reciente del certamen para Austria, en 2025.<\/p>\n","protected":false},"excerpt":{"rendered":"<p>Cientos de personas se congregaron en\u00a0Viena\u00a0para presenciar un impresionante espect\u00e1culo de\u00a03 mil drones\u00a0que ilumin\u00f3 el cielo sobre el hist\u00f3rico\u00a0Palacio de Sch\u00f6nbrunn,\u00a0como parte de las celebraciones por el inicio del\u00a0Festival de Eurovisi\u00f3n. La exhibici\u00f3n a\u00e9rea rindi\u00f3 homenaje a los\u00a0tres artistas\u00a0austr\u00edacos que han\u00a0conquistado el certamen\u00a0a lo largo de su historia:\u00a0Udo J\u00fcrgens, ganador en 1966;\u00a0Conchita Wurst, quien triunf\u00f3 [&hellip;]<\/p>\n","protected":false},"author":2,"featured_media":254104,"comment_status":"closed","ping_status":"closed","sticky":false,"template":"","format":"standard","meta":{"footnotes":""},"categories":[12870,182],"tags":[12865,12871],"class_list":["post-254103","post","type-post","status-publish","format-standard","has-post-thumbnail","hentry","category-destacadas","category-internacional","tag-destacadas","tag-internacional"],"jetpack_featured_media_url":"https:\/\/rnoticias.com.mx\/Portal\/wp-content\/uploads\/2026\/04\/f850x638-1060332_1137821_5037.webp","amp_enabled":true,"_links":{"self":[{"href":"https:\/\/rnoticias.com.mx\/Portal\/wp-json\/wp\/v2\/posts\/254103","targetHints":{"allow":["GET"]}}],"collection":[{"href":"https:\/\/rnoticias.com.mx\/Portal\/wp-json\/wp\/v2\/posts"}],"about":[{"href":"https:\/\/rnoticias.com.mx\/Portal\/wp-json\/wp\/v2\/types\/post"}],"author":[{"embeddable":true,"href":"https:\/\/rnoticias.com.mx\/Portal\/wp-json\/wp\/v2\/users\/2"}],"replies":[{"embeddable":true,"href":"https:\/\/rnoticias.com.mx\/Portal\/wp-json\/wp\/v2\/comments?post=254103"}],"version-history":[{"count":1,"href":"https:\/\/rnoticias.com.mx\/Portal\/wp-json\/wp\/v2\/posts\/254103\/revisions"}],"predecessor-version":[{"id":254105,"href":"https:\/\/rnoticias.com.mx\/Portal\/wp-json\/wp\/v2\/posts\/254103\/revisions\/254105"}],"wp:featuredmedia":[{"embeddable":true,"href":"https:\/\/rnoticias.com.mx\/Portal\/wp-json\/wp\/v2\/media\/254104"}],"wp:attachment":[{"href":"https:\/\/rnoticias.com.mx\/Portal\/wp-json\/wp\/v2\/media?parent=254103"}],"wp:term":[{"taxonomy":"category","embeddable":true,"href":"https:\/\/rnoticias.com.mx\/Portal\/wp-json\/wp\/v2\/categories?post=254103"},{"taxonomy":"post_tag","embeddable":true,"href":"https:\/\/rnoticias.com.mx\/Portal\/wp-json\/wp\/v2\/tags?post=254103"}],"curies":[{"name":"wp","href":"https:\/\/api.w.org\/{rel}","templated":true}]}}