{"id":254097,"date":"2026-04-28T08:50:20","date_gmt":"2026-04-28T15:50:20","guid":{"rendered":"https:\/\/rnoticias.com.mx\/Portal\/?p=254097"},"modified":"2026-04-28T08:50:20","modified_gmt":"2026-04-28T15:50:20","slug":"consolida-gobierno-de-sonora-vivienda-accesible-para-familias-empalmenses","status":"publish","type":"post","link":"https:\/\/rnoticias.com.mx\/Portal\/2026\/04\/28\/consolida-gobierno-de-sonora-vivienda-accesible-para-familias-empalmenses\/","title":{"rendered":"Consolida Gobierno de Sonora vivienda accesible para familias empalmenses"},"content":{"rendered":"<p>Empalme, Sonora; 28 de abril de 2026.\u2013 Como parte del compromiso de garantizar el acceso a una vivienda digna, el Gobierno de Sonora, a trav\u00e9s de la Comisi\u00f3n de Vivienda del Estado de Sonora (COVES), concret\u00f3 la construcci\u00f3n de viviendas de inter\u00e9s social en beneficio de familias de Empalme.<\/p>\n<p>Por instrucci\u00f3n del gobernador Alfonso Durazo, se llev\u00f3 a cabo el Programa Generaci\u00f3n de Suelo Urbano para Vivienda en el fraccionamiento Revoluci\u00f3n. A trav\u00e9s de un convenio entre COVES y la iniciativa privada, se construyeron 15 viviendas de costo accesible, adquiridas mediante cr\u00e9dito Infonavit, por lo que 15 familias ya cuentan con un hogar digno y propio.<\/p>\n<p>Estas acciones est\u00e1n orientadas a brindar alternativas accesibles a familias que requieren una oportunidad real para consolidar su patrimonio, priorizando a quienes m\u00e1s lo necesitan.<\/p>\n<p>Las viviendas, ya habitadas, cuentan con dos rec\u00e1maras, \u00e1rea de sala-comedor y ba\u00f1o, ofreciendo espacios funcionales y adecuados para el desarrollo familiar.<\/p>\n<p>El titular de COVES, Ing. Pedro Fontes Ortiz, destac\u00f3 que este resultado es producto del trabajo coordinado entre el Gobierno del Estado, COVES, el Ayuntamiento de Empalme y la iniciativa privada, en atenci\u00f3n a la instrucci\u00f3n del gobernador de impulsar soluciones concretas en materia de vivienda.<\/p>\n<p>Con estas acciones, el Gobierno de Sonora refrenda su compromiso de impulsar pol\u00edticas p\u00fablicas con sentido social, que contribuyan al bienestar y desarrollo de las familias sonorenses.<\/p>\n<p>Asimismo, dentro de este mismo fraccionamiento Revoluci\u00f3n, COVES puso a disposici\u00f3n del Programa Nacional de Vivienda para el Bienestar 143 lotes, de los cuales 111 ser\u00e1n desarrollados por Infonavit y 32 por Conavi.<\/p>\n","protected":false},"excerpt":{"rendered":"<p>Empalme, Sonora; 28 de abril de 2026.\u2013 Como parte del compromiso de garantizar el acceso a una vivienda digna, el Gobierno de Sonora, a trav\u00e9s de la Comisi\u00f3n de Vivienda del Estado de Sonora (COVES), concret\u00f3 la construcci\u00f3n de viviendas de inter\u00e9s social en beneficio de familias de Empalme. Por instrucci\u00f3n del gobernador Alfonso Durazo, [&hellip;]<\/p>\n","protected":false},"author":2,"featured_media":254098,"comment_status":"closed","ping_status":"closed","sticky":false,"template":"","format":"standard","meta":{"footnotes":""},"categories":[12870,174],"tags":[12865,12873],"class_list":["post-254097","post","type-post","status-publish","format-standard","has-post-thumbnail","hentry","category-destacadas","category-estatal","tag-destacadas","tag-estatal"],"jetpack_featured_media_url":"https:\/\/rnoticias.com.mx\/Portal\/wp-content\/uploads\/2026\/04\/unnamed-2-28.jpg","amp_enabled":true,"_links":{"self":[{"href":"https:\/\/rnoticias.com.mx\/Portal\/wp-json\/wp\/v2\/posts\/254097","targetHints":{"allow":["GET"]}}],"collection":[{"href":"https:\/\/rnoticias.com.mx\/Portal\/wp-json\/wp\/v2\/posts"}],"about":[{"href":"https:\/\/rnoticias.com.mx\/Portal\/wp-json\/wp\/v2\/types\/post"}],"author":[{"embeddable":true,"href":"https:\/\/rnoticias.com.mx\/Portal\/wp-json\/wp\/v2\/users\/2"}],"replies":[{"embeddable":true,"href":"https:\/\/rnoticias.com.mx\/Portal\/wp-json\/wp\/v2\/comments?post=254097"}],"version-history":[{"count":1,"href":"https:\/\/rnoticias.com.mx\/Portal\/wp-json\/wp\/v2\/posts\/254097\/revisions"}],"predecessor-version":[{"id":254099,"href":"https:\/\/rnoticias.com.mx\/Portal\/wp-json\/wp\/v2\/posts\/254097\/revisions\/254099"}],"wp:featuredmedia":[{"embeddable":true,"href":"https:\/\/rnoticias.com.mx\/Portal\/wp-json\/wp\/v2\/media\/254098"}],"wp:attachment":[{"href":"https:\/\/rnoticias.com.mx\/Portal\/wp-json\/wp\/v2\/media?parent=254097"}],"wp:term":[{"taxonomy":"category","embeddable":true,"href":"https:\/\/rnoticias.com.mx\/Portal\/wp-json\/wp\/v2\/categories?post=254097"},{"taxonomy":"post_tag","embeddable":true,"href":"https:\/\/rnoticias.com.mx\/Portal\/wp-json\/wp\/v2\/tags?post=254097"}],"curies":[{"name":"wp","href":"https:\/\/api.w.org\/{rel}","templated":true}]}}