{"id":254091,"date":"2026-04-28T08:48:24","date_gmt":"2026-04-28T15:48:24","guid":{"rendered":"https:\/\/rnoticias.com.mx\/Portal\/?p=254091"},"modified":"2026-04-28T08:48:24","modified_gmt":"2026-04-28T15:48:24","slug":"participa-proteccion-civil-sonora-en-reunion-nacional-para-temporada-de-lluvias-2026","status":"publish","type":"post","link":"https:\/\/rnoticias.com.mx\/Portal\/2026\/04\/28\/participa-proteccion-civil-sonora-en-reunion-nacional-para-temporada-de-lluvias-2026\/","title":{"rendered":"Participa Protecci\u00f3n Civil Sonora en reuni\u00f3n nacional para temporada de lluvias 2026"},"content":{"rendered":"<p>Hermosillo, Sonora; 28 de abril de 2026.- El Gobierno de Sonora, a trav\u00e9s de la Coordinaci\u00f3n Estatal de Protecci\u00f3n Civil (CEPC), asisti\u00f3 a la Reuni\u00f3n Nacional de la Temporada de Lluvias y Ciclones Tropicales 2026, celebrada en el municipio de Boca del R\u00edo, Veracruz.<\/p>\n<p>Este evento se llev\u00f3 a cabo con el objetivo de fortalecer la coordinaci\u00f3n entre los tres \u00f3rdenes de gobierno, as\u00ed como mejorar las capacidades de prevenci\u00f3n, preparaci\u00f3n y respuesta ante fen\u00f3menos hidrometeorol\u00f3gicos.<\/p>\n<p>Aproximadamente 800 integrantes de los sistemas nacional, estatales y municipales de Protecci\u00f3n Civil asistieron a esta reuni\u00f3n, propiciando el intercambio de informaci\u00f3n y la definici\u00f3n de acciones conjuntas entre autoridades de distintos estados del pa\u00eds.<\/p>\n<p>Al evento acudieron el titular de Protecci\u00f3n Civil Sonora, Daniel Abraham G\u00e1mez Mart\u00ednez, acompa\u00f1ado por el subdirector de la Direcci\u00f3n de Atenci\u00f3n a Emergencias y Desastres, Ra\u00fal Alonso Camarena Yescas, as\u00ed como Ram\u00f3n Alonso Encinas Duarte, coordinador t\u00e9cnico en dicha direcci\u00f3n.<\/p>\n<p>En la reuni\u00f3n se expuso que se espera que en el oc\u00e9ano Pac\u00edfico se formen de 18 a 21 ciclones tropicales, mientras que en el Atl\u00e1ntico se anticipan de 11 a 15.<\/p>\n<p>Durante el desarrollo del evento, se abordaron adem\u00e1s diversos temas enfocados en fortalecer el conocimiento t\u00e9cnico, la capacidad operativa y la colaboraci\u00f3n entre las diferentes autoridades de Protecci\u00f3n Civil de la Rep\u00fablica Mexicana.<\/p>\n","protected":false},"excerpt":{"rendered":"<p>Hermosillo, Sonora; 28 de abril de 2026.- El Gobierno de Sonora, a trav\u00e9s de la Coordinaci\u00f3n Estatal de Protecci\u00f3n Civil (CEPC), asisti\u00f3 a la Reuni\u00f3n Nacional de la Temporada de Lluvias y Ciclones Tropicales 2026, celebrada en el municipio de Boca del R\u00edo, Veracruz. Este evento se llev\u00f3 a cabo con el objetivo de fortalecer [&hellip;]<\/p>\n","protected":false},"author":2,"featured_media":254092,"comment_status":"closed","ping_status":"closed","sticky":false,"template":"","format":"standard","meta":{"footnotes":""},"categories":[12870,178],"tags":[12865,12869],"class_list":["post-254091","post","type-post","status-publish","format-standard","has-post-thumbnail","hentry","category-destacadas","category-local","tag-destacadas","tag-local"],"jetpack_featured_media_url":"https:\/\/rnoticias.com.mx\/Portal\/wp-content\/uploads\/2026\/04\/unnamed-86.jpg","amp_enabled":true,"_links":{"self":[{"href":"https:\/\/rnoticias.com.mx\/Portal\/wp-json\/wp\/v2\/posts\/254091","targetHints":{"allow":["GET"]}}],"collection":[{"href":"https:\/\/rnoticias.com.mx\/Portal\/wp-json\/wp\/v2\/posts"}],"about":[{"href":"https:\/\/rnoticias.com.mx\/Portal\/wp-json\/wp\/v2\/types\/post"}],"author":[{"embeddable":true,"href":"https:\/\/rnoticias.com.mx\/Portal\/wp-json\/wp\/v2\/users\/2"}],"replies":[{"embeddable":true,"href":"https:\/\/rnoticias.com.mx\/Portal\/wp-json\/wp\/v2\/comments?post=254091"}],"version-history":[{"count":1,"href":"https:\/\/rnoticias.com.mx\/Portal\/wp-json\/wp\/v2\/posts\/254091\/revisions"}],"predecessor-version":[{"id":254093,"href":"https:\/\/rnoticias.com.mx\/Portal\/wp-json\/wp\/v2\/posts\/254091\/revisions\/254093"}],"wp:featuredmedia":[{"embeddable":true,"href":"https:\/\/rnoticias.com.mx\/Portal\/wp-json\/wp\/v2\/media\/254092"}],"wp:attachment":[{"href":"https:\/\/rnoticias.com.mx\/Portal\/wp-json\/wp\/v2\/media?parent=254091"}],"wp:term":[{"taxonomy":"category","embeddable":true,"href":"https:\/\/rnoticias.com.mx\/Portal\/wp-json\/wp\/v2\/categories?post=254091"},{"taxonomy":"post_tag","embeddable":true,"href":"https:\/\/rnoticias.com.mx\/Portal\/wp-json\/wp\/v2\/tags?post=254091"}],"curies":[{"name":"wp","href":"https:\/\/api.w.org\/{rel}","templated":true}]}}