{"id":254078,"date":"2026-04-27T20:14:30","date_gmt":"2026-04-28T03:14:30","guid":{"rendered":"https:\/\/rnoticias.com.mx\/Portal\/?p=254078"},"modified":"2026-04-27T20:14:30","modified_gmt":"2026-04-28T03:14:30","slug":"dictamina-comision-del-congreso-de-sonora-legislacion-en-materia-de-derechos-humanos-y-atencion-a-personas-migrantes","status":"publish","type":"post","link":"https:\/\/rnoticias.com.mx\/Portal\/2026\/04\/27\/dictamina-comision-del-congreso-de-sonora-legislacion-en-materia-de-derechos-humanos-y-atencion-a-personas-migrantes\/","title":{"rendered":"Dictamina comisi\u00f3n del Congreso de Sonora legislaci\u00f3n en materia de derechos humanos y atenci\u00f3n a personas migrantes"},"content":{"rendered":"<p>Hermosillo, Sonora; 27 de abril de 2026.- Integrantes de la Comisi\u00f3n de Asuntos Internacionales, Fronterizos y Atenci\u00f3n al Migrante del Congreso del Estado aprobaron el proyecto de Ley para la Protecci\u00f3n de los Derechos Humanos y Atenci\u00f3n de las Personas Migrantes.<\/p>\n<p>El diputado David Figueroa Ortega (PVEM), presidente de la comisi\u00f3n, someti\u00f3 a votaci\u00f3n la iniciativa ante las diputadas Azalia Guevara Espinoza (PVEM), Marcela Valenzuela Nev\u00e1rez (Morena), Mar\u00eda Alicia Gayt\u00e1n S\u00e1nchez (Morena), Mar\u00eda Karina Olivares R\u00e1bago (PES), y el diputado Julio C\u00e9sar Navarro Contreras (Morena).<\/p>\n<p>La diputada Guevara Espinoza, promovente de la iniciativa, explic\u00f3 que este nuevo marco jur\u00eddico tiene como objetivo regular, en el \u00e1mbito estatal y municipal, la protecci\u00f3n de los derechos humanos y la atenci\u00f3n integral de las personas migrantes.<\/p>\n<p>A\u00f1adi\u00f3 que la legislaci\u00f3n busca garantizar la protecci\u00f3n, respeto y promoci\u00f3n de los derechos humanos de quienes transitan o residen en la entidad, mediante la implementaci\u00f3n de pol\u00edticas p\u00fablicas, mecanismos de coordinaci\u00f3n institucional y acciones de asistencia humanitaria, con especial atenci\u00f3n a grupos en situaci\u00f3n de vulnerabilidad.<\/p>\n<p>Asimismo, destac\u00f3 que la ley se alinea con la Constituci\u00f3n federal, fortalece las atribuciones de distintas dependencias e incorpora nuevas obligaciones para autoridades estatales y municipales en materia de atenci\u00f3n, protecci\u00f3n y coordinaci\u00f3n.<\/p>\n<p>Las y los legisladores del \u00f3rgano colegiado respaldaron el proyecto y coincidieron en la relevancia de contar con una legislaci\u00f3n actualizada que ofrezca una atenci\u00f3n digna y humanitaria a las personas en situaci\u00f3n de migraci\u00f3n en el estado de Sonora.<\/p>\n<p>El dictamen aprobado por unanimidad ser\u00e1 turnado a la Comisi\u00f3n de R\u00e9gimen Interno y Concertaci\u00f3n Pol\u00edtica (Cricp) para ser incluido en el orden del d\u00eda de una pr\u00f3xima sesi\u00f3n.<\/p>\n","protected":false},"excerpt":{"rendered":"<p>Hermosillo, Sonora; 27 de abril de 2026.- Integrantes de la Comisi\u00f3n de Asuntos Internacionales, Fronterizos y Atenci\u00f3n al Migrante del Congreso del Estado aprobaron el proyecto de Ley para la Protecci\u00f3n de los Derechos Humanos y Atenci\u00f3n de las Personas Migrantes. El diputado David Figueroa Ortega (PVEM), presidente de la comisi\u00f3n, someti\u00f3 a votaci\u00f3n la [&hellip;]<\/p>\n","protected":false},"author":2,"featured_media":254079,"comment_status":"closed","ping_status":"closed","sticky":false,"template":"","format":"standard","meta":{"footnotes":""},"categories":[178],"tags":[12869],"class_list":["post-254078","post","type-post","status-publish","format-standard","has-post-thumbnail","hentry","category-local","tag-local"],"jetpack_featured_media_url":"https:\/\/rnoticias.com.mx\/Portal\/wp-content\/uploads\/2026\/04\/2002.jpg","amp_enabled":true,"_links":{"self":[{"href":"https:\/\/rnoticias.com.mx\/Portal\/wp-json\/wp\/v2\/posts\/254078","targetHints":{"allow":["GET"]}}],"collection":[{"href":"https:\/\/rnoticias.com.mx\/Portal\/wp-json\/wp\/v2\/posts"}],"about":[{"href":"https:\/\/rnoticias.com.mx\/Portal\/wp-json\/wp\/v2\/types\/post"}],"author":[{"embeddable":true,"href":"https:\/\/rnoticias.com.mx\/Portal\/wp-json\/wp\/v2\/users\/2"}],"replies":[{"embeddable":true,"href":"https:\/\/rnoticias.com.mx\/Portal\/wp-json\/wp\/v2\/comments?post=254078"}],"version-history":[{"count":1,"href":"https:\/\/rnoticias.com.mx\/Portal\/wp-json\/wp\/v2\/posts\/254078\/revisions"}],"predecessor-version":[{"id":254080,"href":"https:\/\/rnoticias.com.mx\/Portal\/wp-json\/wp\/v2\/posts\/254078\/revisions\/254080"}],"wp:featuredmedia":[{"embeddable":true,"href":"https:\/\/rnoticias.com.mx\/Portal\/wp-json\/wp\/v2\/media\/254079"}],"wp:attachment":[{"href":"https:\/\/rnoticias.com.mx\/Portal\/wp-json\/wp\/v2\/media?parent=254078"}],"wp:term":[{"taxonomy":"category","embeddable":true,"href":"https:\/\/rnoticias.com.mx\/Portal\/wp-json\/wp\/v2\/categories?post=254078"},{"taxonomy":"post_tag","embeddable":true,"href":"https:\/\/rnoticias.com.mx\/Portal\/wp-json\/wp\/v2\/tags?post=254078"}],"curies":[{"name":"wp","href":"https:\/\/api.w.org\/{rel}","templated":true}]}}