{"id":254067,"date":"2026-04-27T20:10:40","date_gmt":"2026-04-28T03:10:40","guid":{"rendered":"https:\/\/rnoticias.com.mx\/Portal\/?p=254067"},"modified":"2026-04-27T20:10:40","modified_gmt":"2026-04-28T03:10:40","slug":"gobierno-de-sonora-consolida-la-convivencia-familiar-con-alta-afluencia-en-el-buquifin-en-el-bosque-urbano-la-sauceda","status":"publish","type":"post","link":"https:\/\/rnoticias.com.mx\/Portal\/2026\/04\/27\/gobierno-de-sonora-consolida-la-convivencia-familiar-con-alta-afluencia-en-el-buquifin-en-el-bosque-urbano-la-sauceda\/","title":{"rendered":"Gobierno de Sonora consolida la convivencia familiar con alta afluencia en el \u201cBuquifin\u201d en el Bosque Urbano La Sauceda"},"content":{"rendered":"<p>Hermosillo, Sonora; 27 de abril de 2026.- El Gobierno de Sonora destac\u00f3 la alta participaci\u00f3n de la ciudadan\u00eda durante las actividades del 24, 25 y 26 de abril en el Bosque Urbano La Sauceda, donde se llev\u00f3 a cabo el \u201cBuquifin\u201d, un fin de semana especialmente dedicado a las infancias, que present\u00f3 un flujo de aproximadamente 12 mil asistentes en los tres d\u00edas de operaciones del bosque.<\/p>\n<p>Durante el viernes 24 de abril, las y los asistentes participaron en la Plaza de Desaf\u00edos Scout, en coordinaci\u00f3n con Scouts de M\u00e9xico, as\u00ed como en el programa Econversando \u201cEn conexi\u00f3n con la Tierra\u201d, promoviendo el aprendizaje ambiental de manera din\u00e1mica y participativa.<\/p>\n<p>El s\u00e1bado 25 de abril, el \u00e1rea infantil \u201cEl Forito\u201d concentr\u00f3 actividades como \u201cPeque\u00f1os guardabosques: jugando y aprendiendo\u201d, adem\u00e1s de talleres por el D\u00eda de las Infancias, donde ni\u00f1as y ni\u00f1os participaron en actividades de cer\u00e1mica y origami.<\/p>\n<p>Asimismo, se llev\u00f3 a cabo una sesi\u00f3n de yoga infantil, fomentando el bienestar f\u00edsico y emocional a trav\u00e9s del juego.<\/p>\n<p>El domingo 26 de abril, las actividades iniciaron con el recorrido guiado \u201cDibujando y caminando\u201d, as\u00ed como un bazar cultural con participaci\u00f3n de emprendedores locales y una activaci\u00f3n de hip hop con Pies Conscientes, que incluy\u00f3 clase de popping para adolescentes y un espect\u00e1culo abierto al p\u00fablico.<\/p>\n<p>De manera paralela a la programaci\u00f3n del \u201cBuquifin\u201d, el Bosque Urbano La Sauceda registr\u00f3 una importante afluencia en todas sus \u00e1reas, donde familias y visitantes disfrutaron de las distintas atracciones, espacios recreativos y zonas de esparcimiento, consolid\u00e1ndolo como un punto de encuentro activo y accesible para la comunidad.<\/p>\n<p>El fin de semana concluy\u00f3 con el programa permanente Domingo Chill, que en esta ocasi\u00f3n present\u00f3 \u201cEl mundo m\u00e1gico de Cri Cri\u201d, un espect\u00e1culo familiar con gran asistencia en el foro al aire libre. Con estas acciones, el Gobierno de Sonora reafirma su compromiso de seguir fortaleciendo este espacio p\u00fablico como un lugar de convivencia, aprendizaje y bienestar para las familias sonorenses.<\/p>\n","protected":false},"excerpt":{"rendered":"<p>Hermosillo, Sonora; 27 de abril de 2026.- El Gobierno de Sonora destac\u00f3 la alta participaci\u00f3n de la ciudadan\u00eda durante las actividades del 24, 25 y 26 de abril en el Bosque Urbano La Sauceda, donde se llev\u00f3 a cabo el \u201cBuquifin\u201d, un fin de semana especialmente dedicado a las infancias, que present\u00f3 un flujo de [&hellip;]<\/p>\n","protected":false},"author":2,"featured_media":254068,"comment_status":"closed","ping_status":"closed","sticky":false,"template":"","format":"standard","meta":{"footnotes":""},"categories":[178],"tags":[12869],"class_list":["post-254067","post","type-post","status-publish","format-standard","has-post-thumbnail","hentry","category-local","tag-local"],"jetpack_featured_media_url":"https:\/\/rnoticias.com.mx\/Portal\/wp-content\/uploads\/2026\/04\/unnamed-1-41.jpg","amp_enabled":true,"_links":{"self":[{"href":"https:\/\/rnoticias.com.mx\/Portal\/wp-json\/wp\/v2\/posts\/254067","targetHints":{"allow":["GET"]}}],"collection":[{"href":"https:\/\/rnoticias.com.mx\/Portal\/wp-json\/wp\/v2\/posts"}],"about":[{"href":"https:\/\/rnoticias.com.mx\/Portal\/wp-json\/wp\/v2\/types\/post"}],"author":[{"embeddable":true,"href":"https:\/\/rnoticias.com.mx\/Portal\/wp-json\/wp\/v2\/users\/2"}],"replies":[{"embeddable":true,"href":"https:\/\/rnoticias.com.mx\/Portal\/wp-json\/wp\/v2\/comments?post=254067"}],"version-history":[{"count":1,"href":"https:\/\/rnoticias.com.mx\/Portal\/wp-json\/wp\/v2\/posts\/254067\/revisions"}],"predecessor-version":[{"id":254069,"href":"https:\/\/rnoticias.com.mx\/Portal\/wp-json\/wp\/v2\/posts\/254067\/revisions\/254069"}],"wp:featuredmedia":[{"embeddable":true,"href":"https:\/\/rnoticias.com.mx\/Portal\/wp-json\/wp\/v2\/media\/254068"}],"wp:attachment":[{"href":"https:\/\/rnoticias.com.mx\/Portal\/wp-json\/wp\/v2\/media?parent=254067"}],"wp:term":[{"taxonomy":"category","embeddable":true,"href":"https:\/\/rnoticias.com.mx\/Portal\/wp-json\/wp\/v2\/categories?post=254067"},{"taxonomy":"post_tag","embeddable":true,"href":"https:\/\/rnoticias.com.mx\/Portal\/wp-json\/wp\/v2\/tags?post=254067"}],"curies":[{"name":"wp","href":"https:\/\/api.w.org\/{rel}","templated":true}]}}