{"id":254064,"date":"2026-04-27T20:09:52","date_gmt":"2026-04-28T03:09:52","guid":{"rendered":"https:\/\/rnoticias.com.mx\/Portal\/?p=254064"},"modified":"2026-04-27T20:09:52","modified_gmt":"2026-04-28T03:09:52","slug":"pronostica-cepc-tardes-calurosas-y-sin-posibilidad-de-lluvia-en-el-inicio-de-esta-semana-en-sonora","status":"publish","type":"post","link":"https:\/\/rnoticias.com.mx\/Portal\/2026\/04\/27\/pronostica-cepc-tardes-calurosas-y-sin-posibilidad-de-lluvia-en-el-inicio-de-esta-semana-en-sonora\/","title":{"rendered":"Pronostica CEPC tardes calurosas y sin posibilidad de lluvia en el inicio de esta semana en Sonora"},"content":{"rendered":"<p>Hermosillo, Sonora; 27 de abril de 2026.- El Gobierno de Sonora, a trav\u00e9s de la Coordinaci\u00f3n Estatal de Protecci\u00f3n Civil (CEPC), informa que en los pr\u00f3ximos d\u00edas se pronostican condiciones atmosf\u00e9ricas estables en gran parte del estado, con cielos mayormente despejados y sin probabilidad de lluvia, lo que favorecer\u00e1 un ambiente seco y soleado.<\/p>\n<p>Sin embargo, la presencia de la corriente en chorro subtropical generar\u00e1 rachas de viento fuertes que podr\u00edan superar los 75 kil\u00f3metros por hora en municipios de la Sierra Madre Occidental, por lo que se recomienda tomar precauciones, especialmente en zonas altas y carreteras.<\/p>\n<p>Durante la semana, se espera un ambiente de c\u00e1lido a caluroso, esto por las tardes en la mayor parte del estado, con temperaturas que oscilar\u00e1n entre los 30 y 35 grados cent\u00edgrados e incluso se podr\u00edan presentar valores m\u00e1s elevados.<\/p>\n<p>En contraste, en regiones monta\u00f1osas persistir\u00e1 un ambiente fr\u00edo a fresco durante las noches y madrugadas, con temperaturas entre los cinco y diez grados.<\/p>\n<p>Ser\u00e1 a partir del viernes cuando cambien las condiciones meteorol\u00f3gicas, debido al acercamiento de una circulaci\u00f3n cicl\u00f3nica al noroeste del pa\u00eds. Este sistema, al interactuar con la humedad proveniente del Golfo de California, podr\u00eda provocar lluvias de ligeras a moderadas en el norte y noreste de Sonora.<\/p>\n<p>Adem\u00e1s de las precipitaciones, para el fin de semana se prev\u00e9n rachas de viento y la posible presencia de descargas el\u00e9ctricas, por lo que autoridades recomiendan mantenerse informados y atender las indicaciones de protecci\u00f3n civil.<\/p>\n<p>Ante cualquier emergencia, es importante llamar de inmediato a la l\u00ednea telef\u00f3nica 9-1-1.<\/p>\n","protected":false},"excerpt":{"rendered":"<p>Hermosillo, Sonora; 27 de abril de 2026.- El Gobierno de Sonora, a trav\u00e9s de la Coordinaci\u00f3n Estatal de Protecci\u00f3n Civil (CEPC), informa que en los pr\u00f3ximos d\u00edas se pronostican condiciones atmosf\u00e9ricas estables en gran parte del estado, con cielos mayormente despejados y sin probabilidad de lluvia, lo que favorecer\u00e1 un ambiente seco y soleado. Sin [&hellip;]<\/p>\n","protected":false},"author":2,"featured_media":254065,"comment_status":"closed","ping_status":"closed","sticky":false,"template":"","format":"standard","meta":{"footnotes":""},"categories":[178],"tags":[12869],"class_list":["post-254064","post","type-post","status-publish","format-standard","has-post-thumbnail","hentry","category-local","tag-local"],"jetpack_featured_media_url":"https:\/\/rnoticias.com.mx\/Portal\/wp-content\/uploads\/2026\/04\/unnamed-84.jpg","amp_enabled":true,"_links":{"self":[{"href":"https:\/\/rnoticias.com.mx\/Portal\/wp-json\/wp\/v2\/posts\/254064","targetHints":{"allow":["GET"]}}],"collection":[{"href":"https:\/\/rnoticias.com.mx\/Portal\/wp-json\/wp\/v2\/posts"}],"about":[{"href":"https:\/\/rnoticias.com.mx\/Portal\/wp-json\/wp\/v2\/types\/post"}],"author":[{"embeddable":true,"href":"https:\/\/rnoticias.com.mx\/Portal\/wp-json\/wp\/v2\/users\/2"}],"replies":[{"embeddable":true,"href":"https:\/\/rnoticias.com.mx\/Portal\/wp-json\/wp\/v2\/comments?post=254064"}],"version-history":[{"count":1,"href":"https:\/\/rnoticias.com.mx\/Portal\/wp-json\/wp\/v2\/posts\/254064\/revisions"}],"predecessor-version":[{"id":254066,"href":"https:\/\/rnoticias.com.mx\/Portal\/wp-json\/wp\/v2\/posts\/254064\/revisions\/254066"}],"wp:featuredmedia":[{"embeddable":true,"href":"https:\/\/rnoticias.com.mx\/Portal\/wp-json\/wp\/v2\/media\/254065"}],"wp:attachment":[{"href":"https:\/\/rnoticias.com.mx\/Portal\/wp-json\/wp\/v2\/media?parent=254064"}],"wp:term":[{"taxonomy":"category","embeddable":true,"href":"https:\/\/rnoticias.com.mx\/Portal\/wp-json\/wp\/v2\/categories?post=254064"},{"taxonomy":"post_tag","embeddable":true,"href":"https:\/\/rnoticias.com.mx\/Portal\/wp-json\/wp\/v2\/tags?post=254064"}],"curies":[{"name":"wp","href":"https:\/\/api.w.org\/{rel}","templated":true}]}}