{"id":254046,"date":"2026-04-27T19:20:20","date_gmt":"2026-04-28T02:20:20","guid":{"rendered":"https:\/\/rnoticias.com.mx\/Portal\/?p=254046"},"modified":"2026-04-27T19:20:20","modified_gmt":"2026-04-28T02:20:20","slug":"capturan-en-nayarit-a-el-jardinero-eu-ofrecia-5-mdd-por-el","status":"publish","type":"post","link":"https:\/\/rnoticias.com.mx\/Portal\/2026\/04\/27\/capturan-en-nayarit-a-el-jardinero-eu-ofrecia-5-mdd-por-el\/","title":{"rendered":"Capturan en Nayarit a &#8220;El Jardinero&#8221;; EU ofrec\u00eda 5 MDD por \u00e9l"},"content":{"rendered":"<p>En una operaci\u00f3n de alta precisi\u00f3n planeada y ejecutada por la Secretar\u00eda de Marina (Semar),\u00a0<mark><strong>se logr\u00f3 la detenci\u00f3n de Audias Flores Silva, mejor conocido como \u201cEl Jardinero\u201d, en el estado de Nayarit<\/strong><\/mark>. El operativo fue encabezado por las Fuerzas Especiales, quienes desplegaron un cerco t\u00e1ctico que permiti\u00f3 la captura del presunto l\u00edder criminal sin disparos reportados hasta el momento.<\/p>\n<p><strong>A trav\u00e9s de su cuenta en X, Omar Garc\u00eda Harfuch expres\u00f3 su reconocimiento a los elementos de la Marina por su valent\u00eda y compromiso en esta misi\u00f3n<\/strong>, la cual representa uno de los golpes m\u00e1s significativos a la estructura del C\u00e1rtel Nueva Generaci\u00f3n (CNG) en lo que va del a\u00f1o.<\/p>\n<div id=\"teads_ad\"><\/div>\n<div class=\"div-pos-2\"><\/div>\n<h2>Un objetivo prioritario para M\u00e9xico y Estados Unidos<\/h2>\n<p><mark><strong>Flores Silva no solo era un objetivo clave para la justicia mexicana, donde cuenta con \u00f3rdenes de aprehensi\u00f3n vigentes; tambi\u00e9n es un perfil de alto inter\u00e9s para el Departamento de Justicia de los Estados Unidos<\/strong><\/mark>.<\/p>\n<div class=\" b2\"><\/div>\n<p><mark><strong>\u00a0El gobierno de EU manten\u00eda una oferta de 5 millones de d\u00f3lares por informaci\u00f3n que facilitara su arresto<\/strong><\/mark>, situ\u00e1ndolo en el mismo nivel de importancia que otros l\u00edderes de alto rango de la organizaci\u00f3n.<\/p>\n<h2>Impacto en la estructura criminal<\/h2>\n<p><strong>Audias Flores Silva es identificado por especialistas en seguridad como uno de los principales operadores financieros y de log\u00edstica dentro del CNG<\/strong>. Su captura en Nayarit debilita la capacidad operativa del grupo en el corredor del Pac\u00edfico, una zona estrat\u00e9gica para el trasiego de sustancias il\u00edcitas hacia el norte del continente.<\/p>\n<p>Las autoridades federales indicaron que se mantendr\u00e1 el flujo de informaci\u00f3n conforme avancen las diligencias legales y el proceso de puesta a disposici\u00f3n ante el Ministerio P\u00fablico, donde se definir\u00e1 su posible traslado con fines de extradici\u00f3n.<\/p>\n","protected":false},"excerpt":{"rendered":"<p>En una operaci\u00f3n de alta precisi\u00f3n planeada y ejecutada por la Secretar\u00eda de Marina (Semar),\u00a0se logr\u00f3 la detenci\u00f3n de Audias Flores Silva, mejor conocido como \u201cEl Jardinero\u201d, en el estado de Nayarit. El operativo fue encabezado por las Fuerzas Especiales, quienes desplegaron un cerco t\u00e1ctico que permiti\u00f3 la captura del presunto l\u00edder criminal sin disparos [&hellip;]<\/p>\n","protected":false},"author":2,"featured_media":254047,"comment_status":"closed","ping_status":"closed","sticky":false,"template":"","format":"standard","meta":{"footnotes":""},"categories":[172],"tags":[12874],"class_list":["post-254046","post","type-post","status-publish","format-standard","has-post-thumbnail","hentry","category-nacional","tag-nacional"],"jetpack_featured_media_url":"https:\/\/rnoticias.com.mx\/Portal\/wp-content\/uploads\/2026\/04\/Detienen20Audias20Silva20aliasE29CElE29D20en20Nayarit.webp","amp_enabled":true,"_links":{"self":[{"href":"https:\/\/rnoticias.com.mx\/Portal\/wp-json\/wp\/v2\/posts\/254046","targetHints":{"allow":["GET"]}}],"collection":[{"href":"https:\/\/rnoticias.com.mx\/Portal\/wp-json\/wp\/v2\/posts"}],"about":[{"href":"https:\/\/rnoticias.com.mx\/Portal\/wp-json\/wp\/v2\/types\/post"}],"author":[{"embeddable":true,"href":"https:\/\/rnoticias.com.mx\/Portal\/wp-json\/wp\/v2\/users\/2"}],"replies":[{"embeddable":true,"href":"https:\/\/rnoticias.com.mx\/Portal\/wp-json\/wp\/v2\/comments?post=254046"}],"version-history":[{"count":1,"href":"https:\/\/rnoticias.com.mx\/Portal\/wp-json\/wp\/v2\/posts\/254046\/revisions"}],"predecessor-version":[{"id":254048,"href":"https:\/\/rnoticias.com.mx\/Portal\/wp-json\/wp\/v2\/posts\/254046\/revisions\/254048"}],"wp:featuredmedia":[{"embeddable":true,"href":"https:\/\/rnoticias.com.mx\/Portal\/wp-json\/wp\/v2\/media\/254047"}],"wp:attachment":[{"href":"https:\/\/rnoticias.com.mx\/Portal\/wp-json\/wp\/v2\/media?parent=254046"}],"wp:term":[{"taxonomy":"category","embeddable":true,"href":"https:\/\/rnoticias.com.mx\/Portal\/wp-json\/wp\/v2\/categories?post=254046"},{"taxonomy":"post_tag","embeddable":true,"href":"https:\/\/rnoticias.com.mx\/Portal\/wp-json\/wp\/v2\/tags?post=254046"}],"curies":[{"name":"wp","href":"https:\/\/api.w.org\/{rel}","templated":true}]}}