{"id":254034,"date":"2026-04-27T19:13:11","date_gmt":"2026-04-28T02:13:11","guid":{"rendered":"https:\/\/rnoticias.com.mx\/Portal\/?p=254034"},"modified":"2026-04-27T19:13:11","modified_gmt":"2026-04-28T02:13:11","slug":"faitelson-ofrece-disculpas-a-jose-ramon-fernandez-al-borde-las-lagrimas","status":"publish","type":"post","link":"https:\/\/rnoticias.com.mx\/Portal\/2026\/04\/27\/faitelson-ofrece-disculpas-a-jose-ramon-fernandez-al-borde-las-lagrimas\/","title":{"rendered":"Faitelson ofrece disculpas a Jos\u00e9 Ram\u00f3n Fern\u00e1ndez al borde las l\u00e1grimas"},"content":{"rendered":"<p>Los nombres de\u00a0<strong>David Faitelson<\/strong>\u00a0y\u00a0<strong>Jos\u00e9 Ram\u00f3n Fern\u00e1ndez<\/strong>\u00a0se han convertido en tendencia en redes sociales durante los \u00faltimos meses, tras observar c\u00f3mo una de las duplas m\u00e1s emblem\u00e1ticas del periodismo deportivo mexicano pas\u00f3 de la complicidad frente a las c\u00e1maras a protagonizar fuertes diferencias p\u00fablicas.<\/p>\n<p><mark>La ruptura se dio luego de la salida de Faitelson rumbo a Televisa<\/mark>, hecho que marc\u00f3 un antes y un despu\u00e9s en su relaci\u00f3n profesional y personal.<\/p>\n<p>El distanciamiento entre ambos comunicadores escal\u00f3 hasta intercambios de versiones sobre presuntas acciones del pasado, dejando en segundo plano la extensa historia que construyeron juntos en programas de TV Azteca y, m\u00e1s recientemente, en ESPN, donde compartieron algunos de los momentos m\u00e1s recordados del an\u00e1lisis deportivo en M\u00e9xico.<\/p>\n<p>En el marco de la primera Copa del Mundo transmitida por distintas cadenas televisivas y tras la publicaci\u00f3n del libro de Fern\u00e1ndez, El protagonista, en el que acusa a Faitelson de haberle faltado al respeto a una compa\u00f1era,\u00a0<strong>ambos se reencontraron en Pachuca durante la votaci\u00f3n del Sal\u00f3n de la Fama del Futbol<\/strong>.<\/p>\n<p>Luego de la ceremonia y ante la presencia de medios de comunicaci\u00f3n y colegas,\u00a0<mark>David Faitelson tom\u00f3 el micr\u00f3fono y, frente a Jos\u00e9 Ram\u00f3n, ofreci\u00f3 disculpas por su comportamiento<\/mark>. Reconoci\u00f3 su error, destac\u00f3 la figura de Fern\u00e1ndez como su maestro y asegur\u00f3 que siempre recordar\u00e1 los momentos positivos que compartieron juntos en coberturas de Juegos Ol\u00edmpicos y Copas del Mundo.<\/p>\n<p>\u201cSi en alg\u00fan momento me equivoqu\u00e9, Jos\u00e9 Ram\u00f3n, de todo coraz\u00f3n, por todo el tiempo juntos, usted fue un padre para m\u00ed. Yo lo veo a los ojos y me equivoqu\u00e9; no estaba nada preparado. Creo que en la vida hay que dar la cara y yo me equivoqu\u00e9. Estuvimos en las buenas y en las malas y, al final del d\u00eda, me quedo con la parte positiva. Le ofrezco una disculpa; gran parte de lo que soy se lo debo a usted, y mi familia tambi\u00e9n\u201d, mencion\u00f3.<\/p>\n","protected":false},"excerpt":{"rendered":"<p>Los nombres de\u00a0David Faitelson\u00a0y\u00a0Jos\u00e9 Ram\u00f3n Fern\u00e1ndez\u00a0se han convertido en tendencia en redes sociales durante los \u00faltimos meses, tras observar c\u00f3mo una de las duplas m\u00e1s emblem\u00e1ticas del periodismo deportivo mexicano pas\u00f3 de la complicidad frente a las c\u00e1maras a protagonizar fuertes diferencias p\u00fablicas. La ruptura se dio luego de la salida de Faitelson rumbo a [&hellip;]<\/p>\n","protected":false},"author":2,"featured_media":254035,"comment_status":"closed","ping_status":"closed","sticky":false,"template":"","format":"standard","meta":{"footnotes":""},"categories":[188,12870],"tags":[5231,12865],"class_list":["post-254034","post","type-post","status-publish","format-standard","has-post-thumbnail","hentry","category-deportes","category-destacadas","tag-deportes","tag-destacadas"],"jetpack_featured_media_url":"https:\/\/rnoticias.com.mx\/Portal\/wp-content\/uploads\/2026\/04\/a7888e28-028a-4a37-acb9-bc8e47048770.webp","amp_enabled":true,"_links":{"self":[{"href":"https:\/\/rnoticias.com.mx\/Portal\/wp-json\/wp\/v2\/posts\/254034","targetHints":{"allow":["GET"]}}],"collection":[{"href":"https:\/\/rnoticias.com.mx\/Portal\/wp-json\/wp\/v2\/posts"}],"about":[{"href":"https:\/\/rnoticias.com.mx\/Portal\/wp-json\/wp\/v2\/types\/post"}],"author":[{"embeddable":true,"href":"https:\/\/rnoticias.com.mx\/Portal\/wp-json\/wp\/v2\/users\/2"}],"replies":[{"embeddable":true,"href":"https:\/\/rnoticias.com.mx\/Portal\/wp-json\/wp\/v2\/comments?post=254034"}],"version-history":[{"count":1,"href":"https:\/\/rnoticias.com.mx\/Portal\/wp-json\/wp\/v2\/posts\/254034\/revisions"}],"predecessor-version":[{"id":254036,"href":"https:\/\/rnoticias.com.mx\/Portal\/wp-json\/wp\/v2\/posts\/254034\/revisions\/254036"}],"wp:featuredmedia":[{"embeddable":true,"href":"https:\/\/rnoticias.com.mx\/Portal\/wp-json\/wp\/v2\/media\/254035"}],"wp:attachment":[{"href":"https:\/\/rnoticias.com.mx\/Portal\/wp-json\/wp\/v2\/media?parent=254034"}],"wp:term":[{"taxonomy":"category","embeddable":true,"href":"https:\/\/rnoticias.com.mx\/Portal\/wp-json\/wp\/v2\/categories?post=254034"},{"taxonomy":"post_tag","embeddable":true,"href":"https:\/\/rnoticias.com.mx\/Portal\/wp-json\/wp\/v2\/tags?post=254034"}],"curies":[{"name":"wp","href":"https:\/\/api.w.org\/{rel}","templated":true}]}}