{"id":254031,"date":"2026-04-27T18:04:12","date_gmt":"2026-04-28T01:04:12","guid":{"rendered":"https:\/\/rnoticias.com.mx\/Portal\/?p=254031"},"modified":"2026-04-27T18:04:12","modified_gmt":"2026-04-28T01:04:12","slug":"america-confirma-la-salida-de-hector-gonzalez-inarritu","status":"publish","type":"post","link":"https:\/\/rnoticias.com.mx\/Portal\/2026\/04\/27\/america-confirma-la-salida-de-hector-gonzalez-inarritu\/","title":{"rendered":"Am\u00e9rica confirma la salida de H\u00e9ctor Gonz\u00e1lez I\u00f1\u00e1rritu"},"content":{"rendered":"<p>El\u00a0<strong>Club Am\u00e9rica<\/strong>\u00a0hizo oficial la salida de\u00a0<strong>H\u00e9ctor Gonz\u00e1lez I\u00f1\u00e1rritu<\/strong>\u00a0como presidente operativo, cargo que dejar\u00e1 el<strong>\u00a0pr\u00f3ximo 30 de julio\u00a0<\/strong>tras cuatro a\u00f1os al frente de la gesti\u00f3n administrativa y deportiva de la instituci\u00f3n. La decisi\u00f3n, de acuerdo con lo informado,\u00a0<strong>responde a motivos profesionales y se realizar\u00e1 mediante un proceso de transici\u00f3n previamente estructurado.<\/strong><\/p>\n<p>Durante su gesti\u00f3n, el club registr\u00f3 un crecimiento significativo en ingresos \u2014cercano al 50 por ciento\u2014 y\u00a0<strong>fortaleci\u00f3 su presencia en el mercado internacional, consolid\u00e1ndose como una de las organizaciones m\u00e1s influyentes del futbol en el continente.<\/strong><\/p>\n<p>En el plano comercial, su administraci\u00f3n impuls\u00f3 acuerdos estrat\u00e9gicos con marcas como adidas y Caliente, mientras que a nivel institucional particip\u00f3 en uno de los movimientos m\u00e1s relevantes del club en a\u00f1os recientes: la salida de\u00a0<strong>\u00c1guilas CPO a la Bolsa Mexicana de Valores<\/strong>, un paso que reforz\u00f3 su estructura corporativa.<\/p>\n<p>Los resultados deportivos tambi\u00e9n acompa\u00f1aron el proceso. El Am\u00e9rica<strong>\u00a0vivi\u00f3 bajo su gesti\u00f3n una de sus etapas m\u00e1s exitosas, alcanzando un hist\u00f3rico tricampeonato que reafirm\u00f3 su protagonismo en el futbol mexicano.<\/strong><\/p>\n<p>Desde la direcci\u00f3n del grupo,\u00a0<strong>Ferran Reverter<\/strong>, director general de<strong>\u00a0Controladora Deportiva \u00c1guilas<\/strong>, reconoci\u00f3 el impacto del directivo dentro de la organizaci\u00f3n. Se\u00f1al\u00f3 que sus aportaciones fueron determinantes y que su ausencia ser\u00e1 significativa para jugadores, cuerpo t\u00e9cnico y directiva, al tiempo que le dese\u00f3 \u00e9xito en sus pr\u00f3ximos proyectos.<\/p>\n<p>Mientras se concreta su salida, la estructura del club se mantiene enfocada en la competencia inmediata. Con la liguilla en marcha, tanto la directiva como el propio Gonz\u00e1lez I\u00f1\u00e1rritu contin\u00faan concentrados en el cierre del torneo, en un contexto donde Am\u00e9rica busca sostener su inercia ganadora antes de abrir un nuevo cap\u00edtulo en su dirigencia.<\/p>\n","protected":false},"excerpt":{"rendered":"<p>El\u00a0Club Am\u00e9rica\u00a0hizo oficial la salida de\u00a0H\u00e9ctor Gonz\u00e1lez I\u00f1\u00e1rritu\u00a0como presidente operativo, cargo que dejar\u00e1 el\u00a0pr\u00f3ximo 30 de julio\u00a0tras cuatro a\u00f1os al frente de la gesti\u00f3n administrativa y deportiva de la instituci\u00f3n. La decisi\u00f3n, de acuerdo con lo informado,\u00a0responde a motivos profesionales y se realizar\u00e1 mediante un proceso de transici\u00f3n previamente estructurado. Durante su gesti\u00f3n, el club [&hellip;]<\/p>\n","protected":false},"author":2,"featured_media":254032,"comment_status":"closed","ping_status":"closed","sticky":false,"template":"","format":"standard","meta":{"footnotes":""},"categories":[188,12870],"tags":[5231,12865],"class_list":["post-254031","post","type-post","status-publish","format-standard","has-post-thumbnail","hentry","category-deportes","category-destacadas","tag-deportes","tag-destacadas"],"jetpack_featured_media_url":"https:\/\/rnoticias.com.mx\/Portal\/wp-content\/uploads\/2026\/04\/c94253de-02cc-4c3c-92fa-89dc0a18fe8e.webp","amp_enabled":true,"_links":{"self":[{"href":"https:\/\/rnoticias.com.mx\/Portal\/wp-json\/wp\/v2\/posts\/254031","targetHints":{"allow":["GET"]}}],"collection":[{"href":"https:\/\/rnoticias.com.mx\/Portal\/wp-json\/wp\/v2\/posts"}],"about":[{"href":"https:\/\/rnoticias.com.mx\/Portal\/wp-json\/wp\/v2\/types\/post"}],"author":[{"embeddable":true,"href":"https:\/\/rnoticias.com.mx\/Portal\/wp-json\/wp\/v2\/users\/2"}],"replies":[{"embeddable":true,"href":"https:\/\/rnoticias.com.mx\/Portal\/wp-json\/wp\/v2\/comments?post=254031"}],"version-history":[{"count":1,"href":"https:\/\/rnoticias.com.mx\/Portal\/wp-json\/wp\/v2\/posts\/254031\/revisions"}],"predecessor-version":[{"id":254033,"href":"https:\/\/rnoticias.com.mx\/Portal\/wp-json\/wp\/v2\/posts\/254031\/revisions\/254033"}],"wp:featuredmedia":[{"embeddable":true,"href":"https:\/\/rnoticias.com.mx\/Portal\/wp-json\/wp\/v2\/media\/254032"}],"wp:attachment":[{"href":"https:\/\/rnoticias.com.mx\/Portal\/wp-json\/wp\/v2\/media?parent=254031"}],"wp:term":[{"taxonomy":"category","embeddable":true,"href":"https:\/\/rnoticias.com.mx\/Portal\/wp-json\/wp\/v2\/categories?post=254031"},{"taxonomy":"post_tag","embeddable":true,"href":"https:\/\/rnoticias.com.mx\/Portal\/wp-json\/wp\/v2\/tags?post=254031"}],"curies":[{"name":"wp","href":"https:\/\/api.w.org\/{rel}","templated":true}]}}