{"id":254028,"date":"2026-04-27T18:03:03","date_gmt":"2026-04-28T01:03:03","guid":{"rendered":"https:\/\/rnoticias.com.mx\/Portal\/?p=254028"},"modified":"2026-04-27T18:03:03","modified_gmt":"2026-04-28T01:03:03","slug":"rayados-despide-a-su-directiva-tras-fracaso","status":"publish","type":"post","link":"https:\/\/rnoticias.com.mx\/Portal\/2026\/04\/27\/rayados-despide-a-su-directiva-tras-fracaso\/","title":{"rendered":"Rayados despide a su directiva tras fracaso"},"content":{"rendered":"<p>La paciencia en la Sultana del Norte se agot\u00f3. Tras consumarse uno de los cap\u00edtulos m\u00e1s oscuros en la historia reciente de\u00a0<a href=\"https:\/\/www.informador.mx\/rayados-de-monterrey-t677\" target=\"_blank\" rel=\"noopener\"><strong>Rayados de Monterrey<\/strong><\/a>\u00a0en la Liga MX, la instituci\u00f3n anunci\u00f3 este lunes 27 de abril una reestructuraci\u00f3n profunda en sus niveles m\u00e1s altos, confirmando la\u00a0<mark><strong>salida inmediata de Jos\u00e9 Antonio &#8220;Tato&#8221; Noriega como Presidente Deportivo y de H\u00e9ctor Lara como Director Deportivo.<\/strong><\/mark><\/p>\n<h2>La raz\u00f3n detr\u00e1s de los cambios en Monterrey<\/h2>\n<p>La noticia llega como la consecuencia inevitable de un\u00a0<a href=\"https:\/\/www.informador.mx\/liga-mx-t8754\" target=\"_blank\" rel=\"noopener\"><strong>Clausura 2026<\/strong><\/a>\u00a0catastr\u00f3fico. A pesar de ostentar una de las plantillas m\u00e1s costosas del continente, &#8220;La Pandilla&#8221; no solo qued\u00f3 fuera de la Liguilla, sino que ni siquiera mostraba una idea clara de juego, rompiendo una racha de casi una d\u00e9cada de presencia constante en las fases finales del futbol mexicano.<\/p>\n<p>El equipo albiazul cerr\u00f3 el torneo de forma humillante el pasado domingo 26 de abril. En la Jornada 17, visitaron al Santos Laguna, que llegaba como \u00faltimo lugar de la competencia; sin embargo, los papeles se invirtieron en el TSM Corona. Los &#8220;Guerreros&#8221; exhibieron la falta de alma de Rayados con una goleada de 3-0, sellando el destino de una directiva que ya pend\u00eda de un hilo tras la derrota previa ante Pachuca.<\/p>\n<div class=\" b2\"><\/div>\n<p><mark><strong>Monterrey finaliz\u00f3 el certamen en la posici\u00f3n 13 de la tabla general, cosechando apenas 18 puntos.<\/strong><\/mark>\u00a0Un balance paup\u00e9rrimo de\u00a0<mark><strong>5 victorias, 3 empates y 8 derrotas para un plantel dise\u00f1ado para ser campe\u00f3n.<\/strong><\/mark><\/p>\n<h2>\u00bfQui\u00e9n llega en lugar del &#8220;Tato&#8221; Noriega?<\/h2>\n<p>A trav\u00e9s del comunicado oficial, el club intent\u00f3 suavizar el golpe agradeciendo la gesti\u00f3n de Noriega, destacando logros como la representaci\u00f3n en el Mundial de Clubes 2025 y el \u00e9xito de Rayadas. No obstante, el enfoque principal es el futuro:\u00a0<mark><strong>Walter Erviti ha sido designado como el nuevo Director Deportivo del Primer Equipo.<\/strong><\/mark><\/p>\n<p>El &#8220;Mago&#8221;, referente hist\u00f3rico de la instituci\u00f3n, asume el reto de reconstruir un vestidor roto. Mientras tanto, la plaza de Presidente Deportivo permanece vacante, a la espera de un nombramiento que logre devolverle la identidad a un equipo que hoy, ante los ojos de su afici\u00f3n, ha firmado el fracaso m\u00e1s grande de los \u00faltimos tiempos.<\/p>\n","protected":false},"excerpt":{"rendered":"<p>La paciencia en la Sultana del Norte se agot\u00f3. Tras consumarse uno de los cap\u00edtulos m\u00e1s oscuros en la historia reciente de\u00a0Rayados de Monterrey\u00a0en la Liga MX, la instituci\u00f3n anunci\u00f3 este lunes 27 de abril una reestructuraci\u00f3n profunda en sus niveles m\u00e1s altos, confirmando la\u00a0salida inmediata de Jos\u00e9 Antonio &#8220;Tato&#8221; Noriega como Presidente Deportivo y [&hellip;]<\/p>\n","protected":false},"author":2,"featured_media":254029,"comment_status":"closed","ping_status":"closed","sticky":false,"template":"","format":"standard","meta":{"footnotes":""},"categories":[188,12870],"tags":[5231,12865],"class_list":["post-254028","post","type-post","status-publish","format-standard","has-post-thumbnail","hentry","category-deportes","category-destacadas","tag-deportes","tag-destacadas"],"jetpack_featured_media_url":"https:\/\/rnoticias.com.mx\/Portal\/wp-content\/uploads\/2026\/04\/nota_17773135088758_526.jpg","amp_enabled":true,"_links":{"self":[{"href":"https:\/\/rnoticias.com.mx\/Portal\/wp-json\/wp\/v2\/posts\/254028","targetHints":{"allow":["GET"]}}],"collection":[{"href":"https:\/\/rnoticias.com.mx\/Portal\/wp-json\/wp\/v2\/posts"}],"about":[{"href":"https:\/\/rnoticias.com.mx\/Portal\/wp-json\/wp\/v2\/types\/post"}],"author":[{"embeddable":true,"href":"https:\/\/rnoticias.com.mx\/Portal\/wp-json\/wp\/v2\/users\/2"}],"replies":[{"embeddable":true,"href":"https:\/\/rnoticias.com.mx\/Portal\/wp-json\/wp\/v2\/comments?post=254028"}],"version-history":[{"count":1,"href":"https:\/\/rnoticias.com.mx\/Portal\/wp-json\/wp\/v2\/posts\/254028\/revisions"}],"predecessor-version":[{"id":254030,"href":"https:\/\/rnoticias.com.mx\/Portal\/wp-json\/wp\/v2\/posts\/254028\/revisions\/254030"}],"wp:featuredmedia":[{"embeddable":true,"href":"https:\/\/rnoticias.com.mx\/Portal\/wp-json\/wp\/v2\/media\/254029"}],"wp:attachment":[{"href":"https:\/\/rnoticias.com.mx\/Portal\/wp-json\/wp\/v2\/media?parent=254028"}],"wp:term":[{"taxonomy":"category","embeddable":true,"href":"https:\/\/rnoticias.com.mx\/Portal\/wp-json\/wp\/v2\/categories?post=254028"},{"taxonomy":"post_tag","embeddable":true,"href":"https:\/\/rnoticias.com.mx\/Portal\/wp-json\/wp\/v2\/tags?post=254028"}],"curies":[{"name":"wp","href":"https:\/\/api.w.org\/{rel}","templated":true}]}}