{"id":254025,"date":"2026-04-27T18:01:21","date_gmt":"2026-04-28T01:01:21","guid":{"rendered":"https:\/\/rnoticias.com.mx\/Portal\/?p=254025"},"modified":"2026-04-27T18:01:21","modified_gmt":"2026-04-28T01:01:21","slug":"iran-explota-contra-estados-unidos-lo-acusa-de-actuar-como-piratas-y-terroristas","status":"publish","type":"post","link":"https:\/\/rnoticias.com.mx\/Portal\/2026\/04\/27\/iran-explota-contra-estados-unidos-lo-acusa-de-actuar-como-piratas-y-terroristas\/","title":{"rendered":"Ir\u00e1n explota contra Estados Unidos; lo acusa de actuar como &#8220;piratas&#8221; y &#8220;terroristas&#8221;"},"content":{"rendered":"<p><a href=\"https:\/\/www.informador.mx\/internacional\/iran-ofrece-reabrir-ormuz-si-estados-unidos-levanta-el-bloqueo-aplazarian-tema-nuclear-20260427-0034.html\" target=\"_blank\" rel=\"noopener\"><strong>El embajador iran\u00ed ante la ONU, Amir Saeid Iravani, acus\u00f3 este lunes 27 de abril del 2026 a Estados Unidos de actuar como &#8220;piratas&#8221; y &#8220;terroristas&#8221; con el bloqueo nava<\/strong><\/a>l ordenado por el presidente estadounidense, Donald Trump.<\/p>\n<h2>\u00bfDe qu\u00e9 acus\u00f3 Ir\u00e1n a Estados Unidos ahora?<\/h2>\n<p><i>&#8220;<strong>Los Estados Unidos est\u00e1n actuando como piratas y terroristas<\/strong>\u00a0que atacan a buques mercantes mediante la coacci\u00f3n y la\u00a0<strong>intimidaci\u00f3n<\/strong>,\u00a0<strong>secuestrando\u00a0<\/strong>a la tripulaci\u00f3n,\u00a0<strong>confiscando\u00a0<\/strong>el barco y tomando a los tripulantes como\u00a0<strong>rehenes<\/strong>&#8220;<\/i>, asegur\u00f3 el diplom\u00e1tico en una rueda de prensa en la sede de la ONU en Nueva York.<\/p>\n<p>Iravani tambi\u00e9n arremeti\u00f3 contra los pa\u00edses que hoy participaron en una sesi\u00f3n del Consejo de Seguridad sobre la protecci\u00f3n y la seguridad de las v\u00edas navegables en el \u00e1mbito mar\u00edtimo.<\/p>\n<div class=\" b2\"><\/div>\n<p><i>&#8220;Es lamentable que algunos miembros ignoren deliberadamente la imposici\u00f3n por parte de Estados Unidos de un bloqueo mar\u00edtimo que amenaza la navegaci\u00f3n internacional&#8221;,<\/i>\u00a0critic\u00f3.<\/p>\n<p>Seg\u00fan Saeid,\u00a0<a href=\"https:\/\/www.informador.mx\/internacional\/eu-sigue-imparable-contra-buques-iranies-en-ormuz-comparte-reveladora-foto-20260424-0159.html\" target=\"_blank\" rel=\"noopener\"><strong>las medidas iran\u00edes en el estrecho de Ormuz,<\/strong><\/a> donde la naci\u00f3n persa mantiene un estricto control, tienen como objetivo &#8220;lograr un equilibrio adecuado entre los intereses de seguridad del Estado y la continuidad de la navegaci\u00f3n segura&#8221; en esta ruta, &#8220;en un entorno de alto riesgo y vol\u00e1til&#8221;.<\/p>\n<div>\n<div id=\"youtube-12\" class=\"ck-youtube\">\u00a0<span class=\"item second\">\u00a0<\/span>\u00a0<span class=\"item third\">\u00a0<\/span><\/div>\n<\/div>\n<p>El iran\u00ed subray\u00f3 que\u00a0<mark><strong>el pa\u00eds norteamericano impuso un bloqueo mar\u00edtimo<\/strong><\/mark>\u00a0y ha &#8220;llevado a cabo acciones ilegales&#8221;, incluyendo la incautaci\u00f3n de buques mercantes iran\u00edes en aguas internacionales y la detenci\u00f3n de la tripulaci\u00f3n.<\/p>\n<p>Adem\u00e1s, enfatiz\u00f3 que Ir\u00e1n no forma parte de la Convenci\u00f3n de la ONU sobre el Derecho del Mar de 1982, por lo que &#8220;no est\u00e1 obligado por sus disposiciones basadas en el territorio&#8221;.<\/p>\n<p>Durante su intervenci\u00f3n previa ante el Consejo, asegur\u00f3 que Ir\u00e1n ha tomado &#8220;medidas pr\u00e1cticas&#8221; coherentes con el derecho internacional para atender las nuevas amenazas contra la navegaci\u00f3n segura y mantener el paso constante de buques.<span class=\"item first\">\u00a0<\/span>\u00a0<span class=\"item second\">\u00a0<\/span>\u00a0<span class=\"item third\">\u00a0<\/span><\/p>\n<p><i>&#8220;La responsabilidad ante toda interrupci\u00f3n, obstrucci\u00f3n u otra interferencia con v\u00edas mar\u00edtimas en el Golfo P\u00e9rsico y en el estrecho radica directamente en Estados Unidos y sus patrocinadores, cuya acci\u00f3n y estabilizaci\u00f3n han crispado tensiones y han hecho decaer la seguridad mar\u00edtima y la libertad de navegaci\u00f3n&#8221;<\/i>, asever\u00f3.<\/p>\n<p><a href=\"https:\/\/www.informador.mx\/internacional\/iran-desmiente-a-estados-unidos-no-se-preve-una-reunion-en-pakistan-20260424-0132.html\" target=\"_blank\" rel=\"noopener\"><strong>Las negociaciones entre Estados Unidos e Ir\u00e1n siguen estancadas<\/strong><\/a>, y este fin de semana el ministro de Asuntos Exteriores iran\u00ed, Ab\u00e1s Araqch\u00ed, abandon\u00f3 Pakist\u00e1n sin mostrar intenci\u00f3n de conversar con Washington, que cancel\u00f3 a su vez el viaje a Islamabad de los enviados especiales de Trump, Steve Witkoff y Jared Kushner.<\/p>\n","protected":false},"excerpt":{"rendered":"<p>El embajador iran\u00ed ante la ONU, Amir Saeid Iravani, acus\u00f3 este lunes 27 de abril del 2026 a Estados Unidos de actuar como &#8220;piratas&#8221; y &#8220;terroristas&#8221; con el bloqueo naval ordenado por el presidente estadounidense, Donald Trump. \u00bfDe qu\u00e9 acus\u00f3 Ir\u00e1n a Estados Unidos ahora? &#8220;Los Estados Unidos est\u00e1n actuando como piratas y terroristas\u00a0que atacan [&hellip;]<\/p>\n","protected":false},"author":2,"featured_media":254026,"comment_status":"closed","ping_status":"closed","sticky":false,"template":"","format":"standard","meta":{"footnotes":""},"categories":[12870,182],"tags":[12865,12871],"class_list":["post-254025","post","type-post","status-publish","format-standard","has-post-thumbnail","hentry","category-destacadas","category-internacional","tag-destacadas","tag-internacional"],"jetpack_featured_media_url":"https:\/\/rnoticias.com.mx\/Portal\/wp-content\/uploads\/2026\/04\/iran-estados-unidos-620x226-1.png","amp_enabled":true,"_links":{"self":[{"href":"https:\/\/rnoticias.com.mx\/Portal\/wp-json\/wp\/v2\/posts\/254025","targetHints":{"allow":["GET"]}}],"collection":[{"href":"https:\/\/rnoticias.com.mx\/Portal\/wp-json\/wp\/v2\/posts"}],"about":[{"href":"https:\/\/rnoticias.com.mx\/Portal\/wp-json\/wp\/v2\/types\/post"}],"author":[{"embeddable":true,"href":"https:\/\/rnoticias.com.mx\/Portal\/wp-json\/wp\/v2\/users\/2"}],"replies":[{"embeddable":true,"href":"https:\/\/rnoticias.com.mx\/Portal\/wp-json\/wp\/v2\/comments?post=254025"}],"version-history":[{"count":1,"href":"https:\/\/rnoticias.com.mx\/Portal\/wp-json\/wp\/v2\/posts\/254025\/revisions"}],"predecessor-version":[{"id":254027,"href":"https:\/\/rnoticias.com.mx\/Portal\/wp-json\/wp\/v2\/posts\/254025\/revisions\/254027"}],"wp:featuredmedia":[{"embeddable":true,"href":"https:\/\/rnoticias.com.mx\/Portal\/wp-json\/wp\/v2\/media\/254026"}],"wp:attachment":[{"href":"https:\/\/rnoticias.com.mx\/Portal\/wp-json\/wp\/v2\/media?parent=254025"}],"wp:term":[{"taxonomy":"category","embeddable":true,"href":"https:\/\/rnoticias.com.mx\/Portal\/wp-json\/wp\/v2\/categories?post=254025"},{"taxonomy":"post_tag","embeddable":true,"href":"https:\/\/rnoticias.com.mx\/Portal\/wp-json\/wp\/v2\/tags?post=254025"}],"curies":[{"name":"wp","href":"https:\/\/api.w.org\/{rel}","templated":true}]}}