{"id":254022,"date":"2026-04-27T17:59:59","date_gmt":"2026-04-28T00:59:59","guid":{"rendered":"https:\/\/rnoticias.com.mx\/Portal\/?p=254022"},"modified":"2026-04-27T17:59:59","modified_gmt":"2026-04-28T00:59:59","slug":"grupo-armado-ataca-orfanato-en-nigeria-y-secuestra-a-23-ninos","status":"publish","type":"post","link":"https:\/\/rnoticias.com.mx\/Portal\/2026\/04\/27\/grupo-armado-ataca-orfanato-en-nigeria-y-secuestra-a-23-ninos\/","title":{"rendered":"Grupo armado ataca orfanato en Nigeria y secuestra a 23 ni\u00f1os"},"content":{"rendered":"<p><a href=\"https:\/\/www.informador.mx\/internacional\/Nigeria-En-un-nuevo-ataque-hombres-armados-secuestran-a-quince-estudiantes-20240310-0054.html\" target=\"_blank\" rel=\"noopener\"><strong>Hombres armados irrumpieron en un orfanato de una comunidad del centro-norte de Nigeria y secuestraron a 23 hu\u00e9rfanos<\/strong><\/a>, informaron las autoridades este lunes 27 de abril del 2026. Desde entonces, 15 pupilos han sido rescatados.<\/p>\n<h2>\u00bfQu\u00e9 se sabe del secuestro de 23 ni\u00f1os de un orfanato en Nigeria?<\/h2>\n<p><strong>El ataque ocurri\u00f3 en una &#8220;zona aislada&#8221; de Lokoja, la capital del estado de Kogi<\/strong>, seg\u00fan un comunicado del comisionado estatal, Kingsley Femi Fanwo. El centro, Grupo de Escuelas Dahallukitab, operaba de manera ilegal, afirm\u00f3.<\/p>\n<p>Hasta el momento,\u00a0<strong>ning\u00fan grupo se ha atribuido la responsabilidad del ataque.<\/strong>\u00a0La regi\u00f3n ha registrado un aumento de los secuestros para exigir rescates.<\/p>\n<p>El comunicado no indic\u00f3 la edad de los menores secuestrados, pero en Nigeria el t\u00e9rmino &#8220;pupilo&#8221; suele referirse a\u00a0<mark>alguien en preescolar o primaria, por lo general hasta los 12 a\u00f1os.<\/mark><\/p>\n<p><i>&#8220;Contin\u00faan las operaciones intensivas para asegurar el regreso seguro de las ocho v\u00edctimas restantes y detener a los responsables&#8221;<\/i>, dijo Fanwo.<\/p>\n","protected":false},"excerpt":{"rendered":"<p>Hombres armados irrumpieron en un orfanato de una comunidad del centro-norte de Nigeria y secuestraron a 23 hu\u00e9rfanos, informaron las autoridades este lunes 27 de abril del 2026. Desde entonces, 15 pupilos han sido rescatados. \u00bfQu\u00e9 se sabe del secuestro de 23 ni\u00f1os de un orfanato en Nigeria? El ataque ocurri\u00f3 en una &#8220;zona aislada&#8221; [&hellip;]<\/p>\n","protected":false},"author":2,"featured_media":254023,"comment_status":"closed","ping_status":"closed","sticky":false,"template":"","format":"standard","meta":{"footnotes":""},"categories":[182],"tags":[12871],"class_list":["post-254022","post","type-post","status-publish","format-standard","has-post-thumbnail","hentry","category-internacional","tag-internacional"],"jetpack_featured_media_url":"https:\/\/rnoticias.com.mx\/Portal\/wp-content\/uploads\/2026\/04\/rawImage.jpg","amp_enabled":true,"_links":{"self":[{"href":"https:\/\/rnoticias.com.mx\/Portal\/wp-json\/wp\/v2\/posts\/254022","targetHints":{"allow":["GET"]}}],"collection":[{"href":"https:\/\/rnoticias.com.mx\/Portal\/wp-json\/wp\/v2\/posts"}],"about":[{"href":"https:\/\/rnoticias.com.mx\/Portal\/wp-json\/wp\/v2\/types\/post"}],"author":[{"embeddable":true,"href":"https:\/\/rnoticias.com.mx\/Portal\/wp-json\/wp\/v2\/users\/2"}],"replies":[{"embeddable":true,"href":"https:\/\/rnoticias.com.mx\/Portal\/wp-json\/wp\/v2\/comments?post=254022"}],"version-history":[{"count":1,"href":"https:\/\/rnoticias.com.mx\/Portal\/wp-json\/wp\/v2\/posts\/254022\/revisions"}],"predecessor-version":[{"id":254024,"href":"https:\/\/rnoticias.com.mx\/Portal\/wp-json\/wp\/v2\/posts\/254022\/revisions\/254024"}],"wp:featuredmedia":[{"embeddable":true,"href":"https:\/\/rnoticias.com.mx\/Portal\/wp-json\/wp\/v2\/media\/254023"}],"wp:attachment":[{"href":"https:\/\/rnoticias.com.mx\/Portal\/wp-json\/wp\/v2\/media?parent=254022"}],"wp:term":[{"taxonomy":"category","embeddable":true,"href":"https:\/\/rnoticias.com.mx\/Portal\/wp-json\/wp\/v2\/categories?post=254022"},{"taxonomy":"post_tag","embeddable":true,"href":"https:\/\/rnoticias.com.mx\/Portal\/wp-json\/wp\/v2\/tags?post=254022"}],"curies":[{"name":"wp","href":"https:\/\/api.w.org\/{rel}","templated":true}]}}