{"id":254013,"date":"2026-04-27T17:48:41","date_gmt":"2026-04-28T00:48:41","guid":{"rendered":"https:\/\/rnoticias.com.mx\/Portal\/?p=254013"},"modified":"2026-04-27T17:48:41","modified_gmt":"2026-04-28T00:48:41","slug":"abre-gobierno-de-sonora-convocatoria-peso-a-peso-por-la-transformacion-2026","status":"publish","type":"post","link":"https:\/\/rnoticias.com.mx\/Portal\/2026\/04\/27\/abre-gobierno-de-sonora-convocatoria-peso-a-peso-por-la-transformacion-2026\/","title":{"rendered":"Abre Gobierno de Sonora convocatoria \u201cPeso a Peso por la Transformaci\u00f3n 2026\u201d"},"content":{"rendered":"<p align=\"left\">Hermosillo, Sonora; 27 de abril de 2026.- Con el prop\u00f3sito de sumar esfuerzos y multiplicar el impacto social en las comunidades, el Gobierno de Sonora, a trav\u00e9s del Sistema para el Desarrollo Integral de la Familia (DIF Sonora), abri\u00f3 la convocatoria del programa \u201cPeso a Peso por la Transformaci\u00f3n 2026\u201d.<\/p>\n<p align=\"left\">En seguimiento al compromiso del gobernador Alfonso Durazo de fortalecer el trabajo de la sociedad civil organizada, el Gobierno de Sonora destina 20 millones de pesos para llevar a cabo este programa de corresponsabilidad que permite ampliar el impacto de los proyectos sociales dirigidos a personas en situaci\u00f3n de vulnerabilidad.<\/p>\n<p align=\"left\">La convocatoria contempla el apoyo a iniciativas que contribuyan a la atenci\u00f3n integral de grupos prioritarios, al fortalecimiento institucional de los organismos y a la implementaci\u00f3n de acciones de prevenci\u00f3n y desarrollo comunitario, consolidando as\u00ed una red de colaboraci\u00f3n que incide directamente en el bienestar de las comunidades.<\/p>\n<p align=\"left\">La Directora de Vinculaci\u00f3n con Organismos Asistenciales de la Sociedad Civil, Rosario Camou Reyes, destac\u00f3 que este programa permite potenciar los esfuerzos de las organizaciones que diariamente trabajan cerca de quienes m\u00e1s lo necesitan, mediante el esquema peso a peso, generando mayores oportunidades de atenci\u00f3n y desarrollo social.<\/p>\n<p align=\"left\">Las bases y requisitos de la convocatoria est\u00e1n disponibles en el sitio web oficial de DIF Sonora:\u00a0<a href=\"http:\/\/www.dif.sonora.gob.mx\/\" target=\"_blank\" rel=\"noopener\" data-saferedirecturl=\"https:\/\/www.google.com\/url?q=http:\/\/www.dif.sonora.gob.mx&amp;source=gmail&amp;ust=1777413291896000&amp;usg=AOvVaw01WvW3_V5FGREOIUcWityG\">www.dif.sonora.gob.mx<\/a>\u00a0y en las oficinas correspondientes, para que las organizaciones interesadas puedan presentar sus proyectos dentro del periodo establecido.<\/p>\n<p align=\"left\">Para m\u00e1s informaci\u00f3n, las organizaciones pueden comunicarse al tel\u00e9fono (662) 289-26-00, extensi\u00f3n 128.<\/p>\n","protected":false},"excerpt":{"rendered":"<p>Hermosillo, Sonora; 27 de abril de 2026.- Con el prop\u00f3sito de sumar esfuerzos y multiplicar el impacto social en las comunidades, el Gobierno de Sonora, a trav\u00e9s del Sistema para el Desarrollo Integral de la Familia (DIF Sonora), abri\u00f3 la convocatoria del programa \u201cPeso a Peso por la Transformaci\u00f3n 2026\u201d. En seguimiento al compromiso del [&hellip;]<\/p>\n","protected":false},"author":2,"featured_media":254014,"comment_status":"closed","ping_status":"closed","sticky":false,"template":"","format":"standard","meta":{"footnotes":""},"categories":[12870,178],"tags":[12865,12869],"class_list":["post-254013","post","type-post","status-publish","format-standard","has-post-thumbnail","hentry","category-destacadas","category-local","tag-destacadas","tag-local"],"jetpack_featured_media_url":"https:\/\/rnoticias.com.mx\/Portal\/wp-content\/uploads\/2026\/04\/unnamed-2-26.jpg","amp_enabled":true,"_links":{"self":[{"href":"https:\/\/rnoticias.com.mx\/Portal\/wp-json\/wp\/v2\/posts\/254013","targetHints":{"allow":["GET"]}}],"collection":[{"href":"https:\/\/rnoticias.com.mx\/Portal\/wp-json\/wp\/v2\/posts"}],"about":[{"href":"https:\/\/rnoticias.com.mx\/Portal\/wp-json\/wp\/v2\/types\/post"}],"author":[{"embeddable":true,"href":"https:\/\/rnoticias.com.mx\/Portal\/wp-json\/wp\/v2\/users\/2"}],"replies":[{"embeddable":true,"href":"https:\/\/rnoticias.com.mx\/Portal\/wp-json\/wp\/v2\/comments?post=254013"}],"version-history":[{"count":1,"href":"https:\/\/rnoticias.com.mx\/Portal\/wp-json\/wp\/v2\/posts\/254013\/revisions"}],"predecessor-version":[{"id":254015,"href":"https:\/\/rnoticias.com.mx\/Portal\/wp-json\/wp\/v2\/posts\/254013\/revisions\/254015"}],"wp:featuredmedia":[{"embeddable":true,"href":"https:\/\/rnoticias.com.mx\/Portal\/wp-json\/wp\/v2\/media\/254014"}],"wp:attachment":[{"href":"https:\/\/rnoticias.com.mx\/Portal\/wp-json\/wp\/v2\/media?parent=254013"}],"wp:term":[{"taxonomy":"category","embeddable":true,"href":"https:\/\/rnoticias.com.mx\/Portal\/wp-json\/wp\/v2\/categories?post=254013"},{"taxonomy":"post_tag","embeddable":true,"href":"https:\/\/rnoticias.com.mx\/Portal\/wp-json\/wp\/v2\/tags?post=254013"}],"curies":[{"name":"wp","href":"https:\/\/api.w.org\/{rel}","templated":true}]}}