{"id":254010,"date":"2026-04-27T17:47:44","date_gmt":"2026-04-28T00:47:44","guid":{"rendered":"https:\/\/rnoticias.com.mx\/Portal\/?p=254010"},"modified":"2026-04-27T17:47:44","modified_gmt":"2026-04-28T00:47:44","slug":"gobernador-durazo-refuerza-transporte-y-salud-en-cajeme-con-nuevos-camiones-y-arranque-de-semana-nacional-de-vacunacion","status":"publish","type":"post","link":"https:\/\/rnoticias.com.mx\/Portal\/2026\/04\/27\/gobernador-durazo-refuerza-transporte-y-salud-en-cajeme-con-nuevos-camiones-y-arranque-de-semana-nacional-de-vacunacion\/","title":{"rendered":"Gobernador Durazo refuerza transporte y salud en Cajeme con nuevos camiones y arranque de Semana Nacional de Vacunaci\u00f3n"},"content":{"rendered":"<p>Ciudad Obreg\u00f3n, Sonora; 27 de abril de 2026.- Con la entrega de 15 nuevas unidades de transporte p\u00fablico, en beneficio de 53 mil usuarios, que representan una inversi\u00f3n de 45 millones de pesos para fortalecer el servicio en Ciudad Obreg\u00f3n, y el arranque de la Primera Semana Nacional de Vacunaci\u00f3n 2026, el gobernador Alfonso Durazo Monta\u00f1o cumpli\u00f3 a los cajemenses el compromiso de contar con una movilidad accesible, moderna y segura, as\u00ed como garantizar el alcance a salud preventiva en favor de las familias.<\/p>\n<p>El mandatario sonorense destac\u00f3 que esta entrega forma parte de la estrategia estatal de modernizaci\u00f3n del transporte, con la que se ha fortalecido el servicio de movilidad en Cajeme al sumar en total 81 nuevos camiones, duplicando la flota de unidades con las que se contaba anteriormente, m\u00e1s del 50 por ciento de ellas nuevas.<\/p>\n<p>Estos nuevos camiones contribuir\u00e1n a mejorar la calidad del servicio, disminuir los tiempos de espera y consolidar un sistema m\u00e1s seguro, eficiente e incluyente, con enfoque regional y orientado al usuario.<\/p>\n<p>&#8220;El d\u00eda de hoy estamos beneficiando con estas 15 unidades a la ruta 3, 10 y 11. Son 53 mil usuarios de esas tres rutas que ahora no solo van a tener m\u00e1s unidades, sino unidades nuevas, de \u00faltima generaci\u00f3n, con aire acondicionado y una serie de comodidades que nos permiten dignificar el servicio. Un transporte p\u00fablico digno y eficiente permite a un trabajador reducir los tiempos de traslado de su hogar al trabajo y de esa manera ser m\u00e1s efectivo; lo mismo dice con un estudiante&#8221;, subray\u00f3 Durazo Monta\u00f1o.<\/p>\n<p>En el marco de su gira por Cajeme, el mandatario estatal encabez\u00f3 la ceremonia de inicio de la Primera Semana Nacional de Vacunaci\u00f3n 2026, que se llevar\u00e1 a cabo del 25 de abril al 2 de mayo, bajo el lema \u201cVacunar es Amar\u201d, con acciones coordinadas en todos los niveles t\u00e9cnico-administrativos del Sistema Nacional de Salud, al ser la vacuna una herramienta esencial para la prevenci\u00f3n.<\/p>\n<p>El gobernador Alfonso Durazo Monta\u00f1o subray\u00f3 que el objetivo de esta jornada es alcanzar coberturas de 90 por ciento en esquemas completos y 95 por ciento por tipo de biol\u00f3gico, con alcance estatal en los 72 municipios, dirigida a menores de un a\u00f1o, ni\u00f1as y ni\u00f1os de uno a 18 meses, menores de ocho a\u00f1os, adolescentes, personas adultas, adultas mayores y mujeres embarazadas.<\/p>\n<p>Se contemplan 2 millones 500 mil acciones de vacunaci\u00f3n, representando una inversi\u00f3n de 400 millones de pesos para todo el estado y para este municipio se destinar\u00e1n 42 mil 52 dosis, aplicando biol\u00f3gicos como BCG, hepatitis B, hexavalente acelular, rotavirus, neumoc\u00f3cica, DPT, SRP, SR, Td, Tdpa, hepatitis A, VPH y VSR, destacando la incorporaci\u00f3n de una nueva vacuna contra el Virus Sincitial Respiratorio dirigida a mujeres embarazadas entre las 32 y 36 semanas de gestaci\u00f3n, con el prop\u00f3sito de proteger a reci\u00e9n nacidos y reducir riesgos de complicaciones respiratorias graves.<\/p>\n","protected":false},"excerpt":{"rendered":"<p>Ciudad Obreg\u00f3n, Sonora; 27 de abril de 2026.- Con la entrega de 15 nuevas unidades de transporte p\u00fablico, en beneficio de 53 mil usuarios, que representan una inversi\u00f3n de 45 millones de pesos para fortalecer el servicio en Ciudad Obreg\u00f3n, y el arranque de la Primera Semana Nacional de Vacunaci\u00f3n 2026, el gobernador Alfonso Durazo [&hellip;]<\/p>\n","protected":false},"author":2,"featured_media":254011,"comment_status":"closed","ping_status":"closed","sticky":false,"template":"","format":"standard","meta":{"footnotes":""},"categories":[12870,174],"tags":[12865,12873],"class_list":["post-254010","post","type-post","status-publish","format-standard","has-post-thumbnail","hentry","category-destacadas","category-estatal","tag-destacadas","tag-estatal"],"jetpack_featured_media_url":"https:\/\/rnoticias.com.mx\/Portal\/wp-content\/uploads\/2026\/04\/unnamed-83.jpg","amp_enabled":true,"_links":{"self":[{"href":"https:\/\/rnoticias.com.mx\/Portal\/wp-json\/wp\/v2\/posts\/254010","targetHints":{"allow":["GET"]}}],"collection":[{"href":"https:\/\/rnoticias.com.mx\/Portal\/wp-json\/wp\/v2\/posts"}],"about":[{"href":"https:\/\/rnoticias.com.mx\/Portal\/wp-json\/wp\/v2\/types\/post"}],"author":[{"embeddable":true,"href":"https:\/\/rnoticias.com.mx\/Portal\/wp-json\/wp\/v2\/users\/2"}],"replies":[{"embeddable":true,"href":"https:\/\/rnoticias.com.mx\/Portal\/wp-json\/wp\/v2\/comments?post=254010"}],"version-history":[{"count":1,"href":"https:\/\/rnoticias.com.mx\/Portal\/wp-json\/wp\/v2\/posts\/254010\/revisions"}],"predecessor-version":[{"id":254012,"href":"https:\/\/rnoticias.com.mx\/Portal\/wp-json\/wp\/v2\/posts\/254010\/revisions\/254012"}],"wp:featuredmedia":[{"embeddable":true,"href":"https:\/\/rnoticias.com.mx\/Portal\/wp-json\/wp\/v2\/media\/254011"}],"wp:attachment":[{"href":"https:\/\/rnoticias.com.mx\/Portal\/wp-json\/wp\/v2\/media?parent=254010"}],"wp:term":[{"taxonomy":"category","embeddable":true,"href":"https:\/\/rnoticias.com.mx\/Portal\/wp-json\/wp\/v2\/categories?post=254010"},{"taxonomy":"post_tag","embeddable":true,"href":"https:\/\/rnoticias.com.mx\/Portal\/wp-json\/wp\/v2\/tags?post=254010"}],"curies":[{"name":"wp","href":"https:\/\/api.w.org\/{rel}","templated":true}]}}