{"id":254004,"date":"2026-04-27T17:46:03","date_gmt":"2026-04-28T00:46:03","guid":{"rendered":"https:\/\/rnoticias.com.mx\/Portal\/?p=254004"},"modified":"2026-04-27T17:46:03","modified_gmt":"2026-04-28T00:46:03","slug":"seguira-coadyuvando-ine-en-la-identificacion-y-localizacion-de-personas-desaparecidas","status":"publish","type":"post","link":"https:\/\/rnoticias.com.mx\/Portal\/2026\/04\/27\/seguira-coadyuvando-ine-en-la-identificacion-y-localizacion-de-personas-desaparecidas\/","title":{"rendered":"Seguir\u00e1 coadyuvando INE en la identificaci\u00f3n y localizaci\u00f3n de personas desaparecidas"},"content":{"rendered":"<p class=\"x_MsoNormal\"><span data-olk-copy-source=\"MessageBody\">El compromiso del Instituto Nacional Electoral (INE) es seguir coadyuvando con rigor t\u00e9cnico y apego a la normatividad en los procesos de identificaci\u00f3n y localizaci\u00f3n de personas desaparecidas, ya que es indispensable consolidar de manera conjunta un Sistema Nacional de B\u00fasqueda, eficaz, transparente y leg\u00edtimo, como testimonio de que la democracia no s\u00f3lo se expresa en las urnas, sino tambi\u00e9n en la garant\u00eda de los derechos humanos.<\/span><\/p>\n<p class=\"x_MsoNormal\">\n<p class=\"x_MsoNormal\">As\u00ed lo expres\u00f3 la Consejera Carla Humphrey Jordan, presidenta de la Comisi\u00f3n del Registro Federal de Electores, quien hizo un llamado respetuoso a las entidades federativas que a\u00fan no han suscrito convenios de colaboraci\u00f3n para que establezcan contacto con el INE y formalicen su participaci\u00f3n e integraci\u00f3n plena.<\/p>\n<p class=\"x_MsoNormal\">\n<p class=\"x_MsoNormal\">En sesi\u00f3n extraordinaria del Consejo General en donde se conoci\u00f3 el\u00a0<i>Informe de los resultados y el estado que guarda la firma de los Convenios para la identificaci\u00f3n de personas a trav\u00e9s del m\u00e9todo de biometr\u00eda y colaboraci\u00f3n para la localizaci\u00f3n de personas desaparecidas, con corte al 20 de abril de 2026,\u00a0<\/i>se\u00f1al\u00f3 que a la fecha se han suscrito 47 convenios de colaboraci\u00f3n con fiscal\u00edas generales y comisiones estatales de b\u00fasqueda.<\/p>\n<p class=\"x_MsoNormal\">\n<p class=\"x_MsoNormal\">Destac\u00f3 que en este esfuerzo se busca \u201cponer a disposici\u00f3n de las autoridades la base de datos biom\u00e9trica m\u00e1s amplia de nuestro pa\u00eds, contribuyendo a la identificaci\u00f3n y localizaci\u00f3n de personas\u201d.<\/p>\n<p class=\"x_MsoNormal\">\n<p class=\"x_MsoNormal\">Esta cooperaci\u00f3n interinstitucional, a\u00f1adi\u00f3, se refleja en el procesamiento de 113 mil 645 solicitudes de identificaci\u00f3n, con un saldo de 28 mil 686 registros confirmados mediante dictamen pericial, y en cuanto a la localizaci\u00f3n, el uso de datos, como nombre y CURP, permiti\u00f3 atender 442 mil 360 solicitudes, con una efectividad del 54.6 % en la obtenci\u00f3n de registros para an\u00e1lisis.<\/p>\n<p class=\"x_MsoNormal\">\n<p class=\"x_MsoNormal\"><b><i>Avanza la Estrategia de Transformaci\u00f3n Digital<\/i><\/b><\/p>\n<p class=\"x_MsoNormal\"><b><i>\u00a0<\/i><\/b><\/p>\n<p class=\"x_MsoNormal\">En otro punto de la sesi\u00f3n, el Consejo General recibi\u00f3 el informe de avances en la Estrategia de Transformaci\u00f3n Digital durante el primer trimestre de 2026, la cual, afirm\u00f3 la Consejera Carla Humphrey, ha comenzado a generar productos de relevancia social mediante siete proyectos y 12 iniciativas orientadas a modernizar los servicios registrales.<\/p>\n<p class=\"x_MsoNormal\">\n<p class=\"x_MsoNormal\">Indic\u00f3 que se reportaron avances clave en el Sistema de Prerregistro en L\u00ednea, la consolidaci\u00f3n de servicios de auto georreferencia con Inteligencia Artificial y el desarrollo de la Credencial Digital con funcionalidades de verificaci\u00f3n v\u00eda\u00a0<i>Bluetooth.<\/i><\/p>\n<p class=\"x_MsoNormal\">\n<p class=\"x_MsoNormal\">La Consejera Humphrey Jordan enumer\u00f3 las cinco conclusiones estrat\u00e9gicas que subrayan la consolidaci\u00f3n de la identidad digital, la adopci\u00f3n de tecnolog\u00edas disruptivas para procesar datos del Padr\u00f3n Electoral y una gobernanza operativa alineada con rigor administrativo. Asimismo, enfatiz\u00f3 el compromiso institucional con la protecci\u00f3n de datos personales y la adaptabilidad de la estrategia ante los cambios del entorno tecnol\u00f3gico. Apunt\u00f3 que estas acciones demuestran una convicci\u00f3n de mejora continua para ofrecer servicios digitales de alto valor a la ciudadan\u00eda mexicana.<\/p>\n<p class=\"x_MsoNormal\">\n<p class=\"x_MsoNormal\"><b><i>Sin conflicto de inter\u00e9s la participaci\u00f3n de Talleres Gr\u00e1ficos de M\u00e9xico en el Servicio de Producci\u00f3n de la Credencial para Votar<\/i><\/b><\/p>\n<p class=\"x_MsoNormal\"><b><i>\u00a0<\/i><\/b><\/p>\n<p class=\"x_MsoNormal\">El m\u00e1ximo \u00f3rgano de direcci\u00f3n del Instituto recibi\u00f3 tambi\u00e9n el informe sobre la Licitaci\u00f3n P\u00fablica Internacional Abierta Presencial para el Servicio de Producci\u00f3n de la Credencial para Votar, el cual concluy\u00f3\u00a0 que no hay conflicto de inter\u00e9s ni impedimento legal alguno en la participaci\u00f3n de Talleres Gr\u00e1ficos de M\u00e9xico en el consorcio al que se adjudic\u00f3 el contrato, ni tampoco se compromete la seguridad o confidencialidad de los datos personales de la ciudadan\u00eda, porque sus funciones est\u00e1n estrictamente limitadas al ensobretado de credenciales para votar en el extranjero.<\/p>\n<p class=\"x_MsoNormal\">\n<p class=\"x_MsoNormal\">Adem\u00e1s, el documento subraya que el INE cuenta con las herramientas, procedimientos y acciones institucionales necesarias para gestionar de manera efectiva los riesgos identificados, y para aplicar con oportunidad, coordinaci\u00f3n y seguimiento constante una supervisi\u00f3n permanente del procedimiento, un monitoreo puntual del calendario contractual y una coordinaci\u00f3n estrecha entre las \u00e1reas responsables.<\/p>\n<p class=\"x_MsoNormal\">\n<p class=\"x_MsoNormal\"><b><i>Aprueba INE nuevo marco geogr\u00e1fico electoral de Chihuahua<\/i><\/b><\/p>\n<p class=\"x_MsoNormal\"><b><i>\u00a0<\/i><\/b><\/p>\n<p class=\"x_MsoNormal\">Para generar escenarios de demarcaciones municipales basados en los principios de equidad en el valor del sufragio, continuidad territorial y funcionalidad administrativa, el pleno aprob\u00f3 el marco geogr\u00e1fico electoral de Chihuahua, que incluye la desagregaci\u00f3n de secciones electorales y la creaci\u00f3n de unidades territoriales flexibles, adem\u00e1s de optimizar la correspondencia entre la distribuci\u00f3n poblacional y el n\u00famero de demarcaciones legales, a fin de garantizar que el an\u00e1lisis espacial y la delimitaci\u00f3n territorial se mantengan dentro de los rangos de tolerancia t\u00e9cnica y legalmente viables.<\/p>\n<p class=\"x_MsoNormal\">\n<p class=\"x_MsoNormal\"><b><i>Actualiza INE procedimiento y protocolo de seguridad para la generaci\u00f3n de impresi\u00f3n, entrega, devoluci\u00f3n y destrucci\u00f3n de las listas nominales de electores<\/i><\/b><\/p>\n<p class=\"x_MsoNormal\"><b><i>\u00a0<\/i><\/b><\/p>\n<p class=\"x_MsoNormal\">En otro punto de la sesi\u00f3n, consejeras y consejeros aprobaron las modificaciones al Anexo 19.3 del Reglamento de Elecciones, a fin de actualizar el procedimiento y protocolo de seguridad para la generaci\u00f3n de impresi\u00f3n, entrega, devoluci\u00f3n y destrucci\u00f3n de las listas nominales de electores, conforme a nuevas disposiciones legales, incluidas las reformas a la Revocaci\u00f3n de Mandato y de la elecci\u00f3n de personas juzgadoras del Poder Judicial de la Federaci\u00f3n.<\/p>\n<p class=\"x_MsoNormal\">\n<p class=\"x_MsoNormal\">Se destacan medidas de optimizaci\u00f3n de recursos y eficiencia administrativa, como la actualizaci\u00f3n del plazo (del 15 al 31 de marzo del a\u00f1o de la elecci\u00f3n) para que partidos pol\u00edticos y candidaturas independientes definan sus necesidades de impresi\u00f3n de la Lista Nominal de Electores con Fotograf\u00eda, y se considera la posibilidad de omitir la impresi\u00f3n del tanto destinado a resguardo en los consejos distritales cuando no sea estrictamente necesario.<\/p>\n<p class=\"x_MsoNormal\">\n<p class=\"x_MsoNormal\"><b><i>Acuerda Consejo General temas de \u00edndole institucional diversa<\/i><\/b><\/p>\n<p class=\"x_MsoNormal\"><b><i>\u00a0<\/i><\/b><\/p>\n<p class=\"x_MsoNormal\">Por otra parte, el \u00f3rgano colegiado del INE aprob\u00f3 el \u201cProcedimiento para los trabajos de Reseccionamiento 2026-2027\u201d, con la finalidad de delimitar las secciones que se analizar\u00e1n, las reglas y criterios para la construcci\u00f3n y evaluaci\u00f3n de escenarios, as\u00ed como el calendario de actividades respectivo. Y, finalmente, confirm\u00f3 una resoluci\u00f3n incidental de adopci\u00f3n de medidas cautelares emitidas en este Procedimiento Laboral Sancionador.<b><i><\/i><\/b><\/p>\n<p class=\"x_MsoNormal\">\n","protected":false},"excerpt":{"rendered":"<p>El compromiso del Instituto Nacional Electoral (INE) es seguir coadyuvando con rigor t\u00e9cnico y apego a la normatividad en los procesos de identificaci\u00f3n y localizaci\u00f3n de personas desaparecidas, ya que es indispensable consolidar de manera conjunta un Sistema Nacional de B\u00fasqueda, eficaz, transparente y leg\u00edtimo, como testimonio de que la democracia no s\u00f3lo se expresa [&hellip;]<\/p>\n","protected":false},"author":2,"featured_media":254005,"comment_status":"closed","ping_status":"closed","sticky":false,"template":"","format":"standard","meta":{"footnotes":""},"categories":[12870,12868],"tags":[12865,12879],"class_list":["post-254004","post","type-post","status-publish","format-standard","has-post-thumbnail","hentry","category-destacadas","category-politica","tag-destacadas","tag-politica"],"jetpack_featured_media_url":"https:\/\/rnoticias.com.mx\/Portal\/wp-content\/uploads\/2026\/04\/WhatsApp-Image-2026-04-27-at-1.15.00-PM-1.jpeg","amp_enabled":true,"_links":{"self":[{"href":"https:\/\/rnoticias.com.mx\/Portal\/wp-json\/wp\/v2\/posts\/254004","targetHints":{"allow":["GET"]}}],"collection":[{"href":"https:\/\/rnoticias.com.mx\/Portal\/wp-json\/wp\/v2\/posts"}],"about":[{"href":"https:\/\/rnoticias.com.mx\/Portal\/wp-json\/wp\/v2\/types\/post"}],"author":[{"embeddable":true,"href":"https:\/\/rnoticias.com.mx\/Portal\/wp-json\/wp\/v2\/users\/2"}],"replies":[{"embeddable":true,"href":"https:\/\/rnoticias.com.mx\/Portal\/wp-json\/wp\/v2\/comments?post=254004"}],"version-history":[{"count":1,"href":"https:\/\/rnoticias.com.mx\/Portal\/wp-json\/wp\/v2\/posts\/254004\/revisions"}],"predecessor-version":[{"id":254006,"href":"https:\/\/rnoticias.com.mx\/Portal\/wp-json\/wp\/v2\/posts\/254004\/revisions\/254006"}],"wp:featuredmedia":[{"embeddable":true,"href":"https:\/\/rnoticias.com.mx\/Portal\/wp-json\/wp\/v2\/media\/254005"}],"wp:attachment":[{"href":"https:\/\/rnoticias.com.mx\/Portal\/wp-json\/wp\/v2\/media?parent=254004"}],"wp:term":[{"taxonomy":"category","embeddable":true,"href":"https:\/\/rnoticias.com.mx\/Portal\/wp-json\/wp\/v2\/categories?post=254004"},{"taxonomy":"post_tag","embeddable":true,"href":"https:\/\/rnoticias.com.mx\/Portal\/wp-json\/wp\/v2\/tags?post=254004"}],"curies":[{"name":"wp","href":"https:\/\/api.w.org\/{rel}","templated":true}]}}