{"id":254001,"date":"2026-04-27T17:43:02","date_gmt":"2026-04-28T00:43:02","guid":{"rendered":"https:\/\/rnoticias.com.mx\/Portal\/?p=254001"},"modified":"2026-04-27T17:43:02","modified_gmt":"2026-04-28T00:43:02","slug":"ante-sequia-en-hermosillo-ninos-y-jovenes-proponen-con-creatividad-cuidar-el-agua-en-concurso-salvemos-el-aguah","status":"publish","type":"post","link":"https:\/\/rnoticias.com.mx\/Portal\/2026\/04\/27\/ante-sequia-en-hermosillo-ninos-y-jovenes-proponen-con-creatividad-cuidar-el-agua-en-concurso-salvemos-el-aguah\/","title":{"rendered":"Ante sequ\u00eda en Hermosillo, ni\u00f1os y j\u00f3venes proponen con creatividad cuidar el agua en concurso Salvemos el AguaH"},"content":{"rendered":"<p><b data-olk-copy-source=\"MessageBody\">Hermosillo, Sonora; 27 de abril de 2026.-\u00a0<\/b>La creatividad y el talento juvenil se hicieron presentes durante la final de la Segunda Edici\u00f3n de Salvemos el AguaH, encabezada por el presidente municipal Antonio Astiazar\u00e1n, quien reconoci\u00f3 a participantes donde la puesta en escena \u201cGuardianes del Laberinto Azul\u201d obtuvo el primer lugar con su contundente mensaje que invita a cuidar este recurso natural en una ciudad que enfrenta ante la sequ\u00eda.<\/p>\n<p aria-hidden=\"true\">\n<p>Junto a Renato Ulloa, director de Agua de Hermosillo, y Francisco Villaescusa, director del Instituto Hermosillense de la Juventud (IHJ), dependencias que colaboraron en la realizaci\u00f3n del concurso, se llev\u00f3 a cabo esta segunda edici\u00f3n conmemorativa por el D\u00eda Mundial del Agua, en la que a trav\u00e9s de teatro gui\u00f1ol participaron 15 equipos, de los cuales 7 fueron reconocidos en distintas categor\u00edas y 3 obtuvieron los primeros lugares.<\/p>\n<p aria-hidden=\"true\">\n<p>\u201cEste es el segundo a\u00f1o consecutivo que hacemos este concurso y la verdad yo esperar\u00eda que se quede como una tradici\u00f3n en nuestra ciudad. Que podamos conservar este tipo de eventos porque tenemos un gran talento, ni\u00f1as, ni\u00f1os y j\u00f3venes que nos est\u00e1n ense\u00f1ando mucho del arte, entretenimiento y de una manera muy original, amigable para poder cuidar mejor el agua\u201d, expres\u00f3 To\u00f1o Astiazar\u00e1n.<\/p>\n<p aria-hidden=\"true\">\n<p>A trav\u00e9s de marionetas creadas por ellos mismos, las y los j\u00f3venes recrearon situaciones orientadas a generar conciencia sobre el cuidado del agua y dieron vida a obras como \u201cAgua o Nada\u201d, que obtuvo el tercer lugar y un premio de 10 mil pesos; \u201cPor la Misma Gota\u201d, segundo lugar y 20 mil pesos; mientras que \u201cGuardianes del Laberinto Azul\u201d obtuvo el primer lugar y un premio de 30 mil pesos.<\/p>\n<p aria-hidden=\"true\">\n<p>El evento se llev\u00f3 a cabo en el emblem\u00e1tico Parque Madero, un ejemplo en materia de cuidado ambiental al utilizar agua tratada para su mantenimiento, espacio que tambi\u00e9n se llen\u00f3 de actividades culturales y educativas con stands de los tres niveles de gobierno, sector privado y din\u00e1micas infantiles que se sumaron a una tarde familiar de diversi\u00f3n y aprendizaje.<\/p>\n<p aria-hidden=\"true\">\n<p>\u201cPara llevar este mensaje a las escuelas, a las colonias, a las familias buscando crear conciencia en todas las personas que vivimos en la ciudad, es incre\u00edble que as\u00ed como hay mucha gente responsable como ustedes que est\u00e1n aqu\u00ed trabajando con la cultura del agua, todav\u00eda batallamos mucho con quienes desperdician el agua, que lava el carro con la manguera; no puede ser que vivamos en este desierto sin lluvias y todav\u00eda tiremos el agua, por eso estos eventos son muy importantes\u201d, expres\u00f3 Renato Ulloa, director de Agua de Hermosillo.<\/p>\n<p aria-hidden=\"true\">\n<p>El Gobierno Municipal ha impulsado acciones para fortalecer el cuidado y abastecimiento del agua, como sistemas de telemetr\u00eda para detectar fugas, conexi\u00f3n de pozos, instalaci\u00f3n de paneles solares en Los Bagotes, entrega gratuita de tinacos y colocaci\u00f3n de medidores; sin embargo, autoridades coincidieron en que estos esfuerzos deben ir acompa\u00f1ados de una cultura ciudadana de cuidado y uso responsable del agua.<\/p>\n<p aria-hidden=\"true\">\n<p>Asistieron tambi\u00e9n Daniel Garc\u00eda Escalante, director de Participaci\u00f3n Ciudadana; Rebeca Villanueva, gerente de Fomento a la Cultura de Agua y Corresponsabilidad Ciudadana de Agua de Hermosillo; Iv\u00e1n Eligio Cruz Barriente, director Comercial de Agua; Oscar Daniel Gast\u00e9lum, director de la Agencia Municipal de Desarrollo Econ\u00f3mico (AMDE); Madeleine Bonnafoux, directora general de DIF Hermosillo; H\u00e9ctor Mor\u00e1n, zona centro de la jefatura de Polic\u00eda Preventiva y Tr\u00e1nsito Municipal e integrantes de Guardianes del Agua<\/p>\n","protected":false},"excerpt":{"rendered":"<p>Hermosillo, Sonora; 27 de abril de 2026.-\u00a0La creatividad y el talento juvenil se hicieron presentes durante la final de la Segunda Edici\u00f3n de Salvemos el AguaH, encabezada por el presidente municipal Antonio Astiazar\u00e1n, quien reconoci\u00f3 a participantes donde la puesta en escena \u201cGuardianes del Laberinto Azul\u201d obtuvo el primer lugar con su contundente mensaje que [&hellip;]<\/p>\n","protected":false},"author":2,"featured_media":254002,"comment_status":"closed","ping_status":"closed","sticky":false,"template":"","format":"standard","meta":{"footnotes":""},"categories":[12870,178],"tags":[12865,12869],"class_list":["post-254001","post","type-post","status-publish","format-standard","has-post-thumbnail","hentry","category-destacadas","category-local","tag-destacadas","tag-local"],"jetpack_featured_media_url":"https:\/\/rnoticias.com.mx\/Portal\/wp-content\/uploads\/2026\/04\/Ante-sequia-en-Hermosillo-ninos-y-jovenes-proponen-con-creatividad-cuidar-el-agua-2.jpeg","amp_enabled":true,"_links":{"self":[{"href":"https:\/\/rnoticias.com.mx\/Portal\/wp-json\/wp\/v2\/posts\/254001","targetHints":{"allow":["GET"]}}],"collection":[{"href":"https:\/\/rnoticias.com.mx\/Portal\/wp-json\/wp\/v2\/posts"}],"about":[{"href":"https:\/\/rnoticias.com.mx\/Portal\/wp-json\/wp\/v2\/types\/post"}],"author":[{"embeddable":true,"href":"https:\/\/rnoticias.com.mx\/Portal\/wp-json\/wp\/v2\/users\/2"}],"replies":[{"embeddable":true,"href":"https:\/\/rnoticias.com.mx\/Portal\/wp-json\/wp\/v2\/comments?post=254001"}],"version-history":[{"count":1,"href":"https:\/\/rnoticias.com.mx\/Portal\/wp-json\/wp\/v2\/posts\/254001\/revisions"}],"predecessor-version":[{"id":254003,"href":"https:\/\/rnoticias.com.mx\/Portal\/wp-json\/wp\/v2\/posts\/254001\/revisions\/254003"}],"wp:featuredmedia":[{"embeddable":true,"href":"https:\/\/rnoticias.com.mx\/Portal\/wp-json\/wp\/v2\/media\/254002"}],"wp:attachment":[{"href":"https:\/\/rnoticias.com.mx\/Portal\/wp-json\/wp\/v2\/media?parent=254001"}],"wp:term":[{"taxonomy":"category","embeddable":true,"href":"https:\/\/rnoticias.com.mx\/Portal\/wp-json\/wp\/v2\/categories?post=254001"},{"taxonomy":"post_tag","embeddable":true,"href":"https:\/\/rnoticias.com.mx\/Portal\/wp-json\/wp\/v2\/tags?post=254001"}],"curies":[{"name":"wp","href":"https:\/\/api.w.org\/{rel}","templated":true}]}}