{"id":253989,"date":"2026-04-27T15:52:41","date_gmt":"2026-04-27T22:52:41","guid":{"rendered":"https:\/\/rnoticias.com.mx\/Portal\/?p=253989"},"modified":"2026-04-27T15:52:41","modified_gmt":"2026-04-27T22:52:41","slug":"proteccion-de-datos-personales-en-menores-un-reto-urgente-en-la-era-digital","status":"publish","type":"post","link":"https:\/\/rnoticias.com.mx\/Portal\/2026\/04\/27\/proteccion-de-datos-personales-en-menores-un-reto-urgente-en-la-era-digital\/","title":{"rendered":"Protecci\u00f3n de datos personales en menores: un reto urgente en la era digital"},"content":{"rendered":"<p>Hermosillo, Sonora. La protecci\u00f3n de datos personales en ni\u00f1as, ni\u00f1os y adolescentes se ha convertido en un tema prioritario ante el creciente uso de plataformas digitales.<\/p>\n<p>&nbsp;<\/p>\n<p>Eleazar Fontes, abogado integrante de la Barra Sonorense de Abogados, dijo que actualmente, la legislaci\u00f3n establece que los menores de edad no cuentan con la capacidad legal para otorgar consentimiento pleno sobre el uso de su informaci\u00f3n, por lo que es indispensable la autorizaci\u00f3n de padres o tutores para cualquier manejo de sus datos en redes sociales o entornos digitales.<\/p>\n<p>&nbsp;<\/p>\n<p>\u201cEsta limitaci\u00f3n se basa en la falta de capacidad jur\u00eddica de los menores para comprometerse en actos legales, lo que incluye la difusi\u00f3n de su imagen, nombre o cualquier dato personal. En este sentido, aunque muchas plataformas permiten el acceso a partir de los 13 a\u00f1os, en todos los casos se requiere supervisi\u00f3n y consentimiento parental\u201d, enfatiz\u00f3.<\/p>\n<p>&nbsp;<\/p>\n<p>El especialista se\u00f1al\u00f3 que, si bien existen leyes como la Ley Federal de Protecci\u00f3n de Datos Personales en Posesi\u00f3n de los Particulares, estas han tenido que adaptarse a los cambios tecnol\u00f3gicos, ya que muchas normativas fueron creadas en contextos anteriores al auge digital. Esto ha generado un desfase que apenas comienza a corregirse con nuevas regulaciones y recomendaciones, incluso desde instancias como la Suprema Corte de Justicia, que ya promueve el uso de iniciales para referirse a menores en documentos oficiales.<\/p>\n<p>&nbsp;<\/p>\n<p>Fontes advirti\u00f3 sobre los riesgos de compartir informaci\u00f3n de menores en redes sociales, desde la exposici\u00f3n innecesaria hasta posibles delitos como el uso indebido de identidad o incluso situaciones m\u00e1s graves como la trata de personas.<\/p>\n<p>&nbsp;<\/p>\n<p>&nbsp;<\/p>\n<p>\u201cLa publicaci\u00f3n de fotograf\u00edas, videos o datos sin autorizaci\u00f3n puede derivar en sanciones econ\u00f3micas importantes e incluso consecuencias legales\u201d, subray\u00f3.<\/p>\n<p>&nbsp;<\/p>\n<p>Asimismo, recomend\u00f3 a los padres de familia extremar precauciones al permitir el acceso de sus hijos a redes sociales, as\u00ed como configurar adecuadamente la privacidad de las cuentas.<\/p>\n<p>&nbsp;<\/p>\n<p>En caso de detectar un uso indebido de la informaci\u00f3n de un menor, indic\u00f3 que se puede solicitar directamente a la plataforma la eliminaci\u00f3n del contenido, acudir a instancias legales o, en situaciones m\u00e1s delicadas, realizar una denuncia formal.<\/p>\n<p>&nbsp;<\/p>\n<p>Finalmente, destac\u00f3 que en muchos casos la soluci\u00f3n puede comenzar con el di\u00e1logo, especialmente cuando se trata de familiares o conocidos.<\/p>\n<p>&nbsp;<\/p>\n","protected":false},"excerpt":{"rendered":"<p>Hermosillo, Sonora. La protecci\u00f3n de datos personales en ni\u00f1as, ni\u00f1os y adolescentes se ha convertido en un tema prioritario ante el creciente uso de plataformas digitales. &nbsp; Eleazar Fontes, abogado integrante de la Barra Sonorense de Abogados, dijo que actualmente, la legislaci\u00f3n establece que los menores de edad no cuentan con la capacidad legal para [&hellip;]<\/p>\n","protected":false},"author":2,"featured_media":253990,"comment_status":"closed","ping_status":"closed","sticky":false,"template":"","format":"standard","meta":{"footnotes":""},"categories":[12870,178],"tags":[12865,12869],"class_list":["post-253989","post","type-post","status-publish","format-standard","has-post-thumbnail","hentry","category-destacadas","category-local","tag-destacadas","tag-local"],"jetpack_featured_media_url":"https:\/\/rnoticias.com.mx\/Portal\/wp-content\/uploads\/2026\/04\/IAIP-TLAXCALA-DATOS-PERSONALES-NINOS-800x445-1.png","amp_enabled":true,"_links":{"self":[{"href":"https:\/\/rnoticias.com.mx\/Portal\/wp-json\/wp\/v2\/posts\/253989","targetHints":{"allow":["GET"]}}],"collection":[{"href":"https:\/\/rnoticias.com.mx\/Portal\/wp-json\/wp\/v2\/posts"}],"about":[{"href":"https:\/\/rnoticias.com.mx\/Portal\/wp-json\/wp\/v2\/types\/post"}],"author":[{"embeddable":true,"href":"https:\/\/rnoticias.com.mx\/Portal\/wp-json\/wp\/v2\/users\/2"}],"replies":[{"embeddable":true,"href":"https:\/\/rnoticias.com.mx\/Portal\/wp-json\/wp\/v2\/comments?post=253989"}],"version-history":[{"count":1,"href":"https:\/\/rnoticias.com.mx\/Portal\/wp-json\/wp\/v2\/posts\/253989\/revisions"}],"predecessor-version":[{"id":253991,"href":"https:\/\/rnoticias.com.mx\/Portal\/wp-json\/wp\/v2\/posts\/253989\/revisions\/253991"}],"wp:featuredmedia":[{"embeddable":true,"href":"https:\/\/rnoticias.com.mx\/Portal\/wp-json\/wp\/v2\/media\/253990"}],"wp:attachment":[{"href":"https:\/\/rnoticias.com.mx\/Portal\/wp-json\/wp\/v2\/media?parent=253989"}],"wp:term":[{"taxonomy":"category","embeddable":true,"href":"https:\/\/rnoticias.com.mx\/Portal\/wp-json\/wp\/v2\/categories?post=253989"},{"taxonomy":"post_tag","embeddable":true,"href":"https:\/\/rnoticias.com.mx\/Portal\/wp-json\/wp\/v2\/tags?post=253989"}],"curies":[{"name":"wp","href":"https:\/\/api.w.org\/{rel}","templated":true}]}}