{"id":253970,"date":"2026-04-27T15:02:04","date_gmt":"2026-04-27T22:02:04","guid":{"rendered":"https:\/\/rnoticias.com.mx\/Portal\/?p=253970"},"modified":"2026-04-27T15:02:04","modified_gmt":"2026-04-27T22:02:04","slug":"llevara-agua-de-hermosillo-jornada-de-descuentos-en-las-praderas","status":"publish","type":"post","link":"https:\/\/rnoticias.com.mx\/Portal\/2026\/04\/27\/llevara-agua-de-hermosillo-jornada-de-descuentos-en-las-praderas\/","title":{"rendered":"Llevar\u00e1 Agua de Hermosillo jornada de descuentos en Las Praderas"},"content":{"rendered":"<p>Hermosillo, Sonora; 27 de abril, 2026.- Personas con adeudos en el servicio de agua potable tendr\u00e1n la oportunidad de regularizar su situaci\u00f3n durante la Jornada de Descuentos 2026 de Agua de Hermosillo que se llevar\u00e1 a cabo el pr\u00f3ximo martes 28 de abril en el parque \u201cPraderas\u201d, ubicado en la colonia Las Praderas.<\/p>\n<p>Personal del organismo operador, en un horario de 9:00 de la ma\u00f1ana a 2:00 de la tarde, ofrecer\u00e1 beneficios como el 100 por ciento de descuento en recargos, adem\u00e1s de descuentos del 10 al 60 por ciento en adeudos por consumo en tarifa dom\u00e9stica, con el objetivo de apoyar la econom\u00eda de las familias hermosillenses.<\/p>\n<p>Asimismo, quienes cuenten con saldos vencidos por consumo de agua de m\u00e1s de 60 meses podr\u00e1n liquidar su adeudo con solo 4 mil pesos, aplicando restricciones y exclusivamente para tarifa dom\u00e9stica.<\/p>\n<p>La jornada se desarrollar\u00e1 en el parque ubicado en calle Pinares esquina con callej\u00f3n Rosales, donde se estar\u00e1n entregando turnos hasta la 1:00 de la tarde para brindar atenci\u00f3n ordenada a usuarias y usuarios.<\/p>\n<p>Agua de Hermosillo invita a la ciudadan\u00eda a aprovechar esta jornada y ponerse al corriente en sus pagos, donde personal del organismo operador atender\u00e1 personalmente dudas con el objetivo de apoyar la econom\u00eda familiar.<\/p>\n","protected":false},"excerpt":{"rendered":"<p>Hermosillo, Sonora; 27 de abril, 2026.- Personas con adeudos en el servicio de agua potable tendr\u00e1n la oportunidad de regularizar su situaci\u00f3n durante la Jornada de Descuentos 2026 de Agua de Hermosillo que se llevar\u00e1 a cabo el pr\u00f3ximo martes 28 de abril en el parque \u201cPraderas\u201d, ubicado en la colonia Las Praderas. Personal del [&hellip;]<\/p>\n","protected":false},"author":2,"featured_media":253971,"comment_status":"closed","ping_status":"closed","sticky":false,"template":"","format":"standard","meta":{"footnotes":""},"categories":[12870,178],"tags":[12865,12869],"class_list":["post-253970","post","type-post","status-publish","format-standard","has-post-thumbnail","hentry","category-destacadas","category-local","tag-destacadas","tag-local"],"jetpack_featured_media_url":"https:\/\/rnoticias.com.mx\/Portal\/wp-content\/uploads\/2026\/04\/Llevara-Agua-de-Hermosillo-jornada-de-descuentos-en-Las-Praderas.jpeg","amp_enabled":true,"_links":{"self":[{"href":"https:\/\/rnoticias.com.mx\/Portal\/wp-json\/wp\/v2\/posts\/253970","targetHints":{"allow":["GET"]}}],"collection":[{"href":"https:\/\/rnoticias.com.mx\/Portal\/wp-json\/wp\/v2\/posts"}],"about":[{"href":"https:\/\/rnoticias.com.mx\/Portal\/wp-json\/wp\/v2\/types\/post"}],"author":[{"embeddable":true,"href":"https:\/\/rnoticias.com.mx\/Portal\/wp-json\/wp\/v2\/users\/2"}],"replies":[{"embeddable":true,"href":"https:\/\/rnoticias.com.mx\/Portal\/wp-json\/wp\/v2\/comments?post=253970"}],"version-history":[{"count":2,"href":"https:\/\/rnoticias.com.mx\/Portal\/wp-json\/wp\/v2\/posts\/253970\/revisions"}],"predecessor-version":[{"id":253973,"href":"https:\/\/rnoticias.com.mx\/Portal\/wp-json\/wp\/v2\/posts\/253970\/revisions\/253973"}],"wp:featuredmedia":[{"embeddable":true,"href":"https:\/\/rnoticias.com.mx\/Portal\/wp-json\/wp\/v2\/media\/253971"}],"wp:attachment":[{"href":"https:\/\/rnoticias.com.mx\/Portal\/wp-json\/wp\/v2\/media?parent=253970"}],"wp:term":[{"taxonomy":"category","embeddable":true,"href":"https:\/\/rnoticias.com.mx\/Portal\/wp-json\/wp\/v2\/categories?post=253970"},{"taxonomy":"post_tag","embeddable":true,"href":"https:\/\/rnoticias.com.mx\/Portal\/wp-json\/wp\/v2\/tags?post=253970"}],"curies":[{"name":"wp","href":"https:\/\/api.w.org\/{rel}","templated":true}]}}