{"id":253964,"date":"2026-04-27T13:27:03","date_gmt":"2026-04-27T20:27:03","guid":{"rendered":"https:\/\/rnoticias.com.mx\/Portal\/?p=253964"},"modified":"2026-04-27T13:27:03","modified_gmt":"2026-04-27T20:27:03","slug":"ambiente-caluroso-y-cielos-despejados-dominaran-en-sonora-en-este-inicio-de-semana-conagua","status":"publish","type":"post","link":"https:\/\/rnoticias.com.mx\/Portal\/2026\/04\/27\/ambiente-caluroso-y-cielos-despejados-dominaran-en-sonora-en-este-inicio-de-semana-conagua\/","title":{"rendered":"Ambiente caluroso y cielos despejados dominar\u00e1n en Sonora en este inicio de semana: Conagua"},"content":{"rendered":"<p>Desde este lunes, en la mayor parte del estado de Sonora se har\u00e1 sentir un clima estable, con cielos mayormente despejados y sin probabilidad de lluvias, inform\u00f3 personal de la Comisi\u00f3n Nacional del Agua (Conagua).<\/p>\n<p>&nbsp;<\/p>\n<p>Gilberto Lagarda V\u00e1zquez, especialista t\u00e9cnico de la dependencia, explic\u00f3 que durante el transcurso del d\u00eda se sentir\u00e1 calor, con temperaturas que podr\u00edan alcanzar entre los 30 y 40 grados en las regiones centro, sur y noroeste.<\/p>\n<p>&nbsp;<\/p>\n<p>\u201cY las temperaturas frescas por las ma\u00f1anas con valores de 5 a 15 grados cent\u00edgrados para la zona norte y oriente de Sonora.\u00a0No esperamos posibles lluvias el d\u00eda de hoy, as\u00ed que seguiremos con ciencias secas\u201d, afirm\u00f3.<\/p>\n<p>&nbsp;<\/p>\n<p>Lagarda V\u00e1zquez agreg\u00f3, que ya para este martes se espera mayor presencia de nubes debido a la corriente en chorro, lo que provocar\u00e1 cielos de medio nublados a nublados, aunque sin lluvias. Indic\u00f3 que estas condiciones no cambiar\u00e1n de forma importante las temperaturas, por lo que el calor continuar\u00e1 en gran parte del estado.<\/p>\n<p>&nbsp;<\/p>\n","protected":false},"excerpt":{"rendered":"<p>Desde este lunes, en la mayor parte del estado de Sonora se har\u00e1 sentir un clima estable, con cielos mayormente despejados y sin probabilidad de lluvias, inform\u00f3 personal de la Comisi\u00f3n Nacional del Agua (Conagua). &nbsp; Gilberto Lagarda V\u00e1zquez, especialista t\u00e9cnico de la dependencia, explic\u00f3 que durante el transcurso del d\u00eda se sentir\u00e1 calor, con [&hellip;]<\/p>\n","protected":false},"author":2,"featured_media":253965,"comment_status":"closed","ping_status":"closed","sticky":false,"template":"","format":"standard","meta":{"footnotes":""},"categories":[12870,178],"tags":[12865,12869],"class_list":["post-253964","post","type-post","status-publish","format-standard","has-post-thumbnail","hentry","category-destacadas","category-local","tag-destacadas","tag-local"],"jetpack_featured_media_url":"https:\/\/rnoticias.com.mx\/Portal\/wp-content\/uploads\/2026\/04\/hermosillo-sonorawebp.webp","amp_enabled":true,"_links":{"self":[{"href":"https:\/\/rnoticias.com.mx\/Portal\/wp-json\/wp\/v2\/posts\/253964","targetHints":{"allow":["GET"]}}],"collection":[{"href":"https:\/\/rnoticias.com.mx\/Portal\/wp-json\/wp\/v2\/posts"}],"about":[{"href":"https:\/\/rnoticias.com.mx\/Portal\/wp-json\/wp\/v2\/types\/post"}],"author":[{"embeddable":true,"href":"https:\/\/rnoticias.com.mx\/Portal\/wp-json\/wp\/v2\/users\/2"}],"replies":[{"embeddable":true,"href":"https:\/\/rnoticias.com.mx\/Portal\/wp-json\/wp\/v2\/comments?post=253964"}],"version-history":[{"count":1,"href":"https:\/\/rnoticias.com.mx\/Portal\/wp-json\/wp\/v2\/posts\/253964\/revisions"}],"predecessor-version":[{"id":253966,"href":"https:\/\/rnoticias.com.mx\/Portal\/wp-json\/wp\/v2\/posts\/253964\/revisions\/253966"}],"wp:featuredmedia":[{"embeddable":true,"href":"https:\/\/rnoticias.com.mx\/Portal\/wp-json\/wp\/v2\/media\/253965"}],"wp:attachment":[{"href":"https:\/\/rnoticias.com.mx\/Portal\/wp-json\/wp\/v2\/media?parent=253964"}],"wp:term":[{"taxonomy":"category","embeddable":true,"href":"https:\/\/rnoticias.com.mx\/Portal\/wp-json\/wp\/v2\/categories?post=253964"},{"taxonomy":"post_tag","embeddable":true,"href":"https:\/\/rnoticias.com.mx\/Portal\/wp-json\/wp\/v2\/tags?post=253964"}],"curies":[{"name":"wp","href":"https:\/\/api.w.org\/{rel}","templated":true}]}}