{"id":253961,"date":"2026-04-27T13:23:38","date_gmt":"2026-04-27T20:23:38","guid":{"rendered":"https:\/\/rnoticias.com.mx\/Portal\/?p=253961"},"modified":"2026-04-27T13:23:38","modified_gmt":"2026-04-27T20:23:38","slug":"llama-autoridad-a-prevenir-incendios-forestales-en-rosario-tras-danos-recientes","status":"publish","type":"post","link":"https:\/\/rnoticias.com.mx\/Portal\/2026\/04\/27\/llama-autoridad-a-prevenir-incendios-forestales-en-rosario-tras-danos-recientes\/","title":{"rendered":"Llama autoridad a prevenir incendios forestales en Rosario tras da\u00f1os recientes"},"content":{"rendered":"<p>Luego de un 2025 con afectaciones importantes por incendios, el alcalde de Rosario de Tesopaco, emiti\u00f3 un llamado urgente a la ciudadan\u00eda para reforzar medidas de prevenci\u00f3n, luego de que en 2026 ya se registrara un nuevo siniestro con p\u00e9rdidas significativas.<\/p>\n<p>&nbsp;<\/p>\n<p>Gerardo Mend\u00edvil Valenzuela, dio a conocer que gran parte de estos incidentes son provocados por descuidos humanos, como tirar colillas de cigarro o dejar fogatas encendidas.<\/p>\n<p>&nbsp;<\/p>\n<p>\u201cEl a\u00f1o pasado a la altura de la recta que le llamamos nosotros, el tramo de Hornos-Tesopaco, fueron varios incendios que se presentaron y en este a\u00f1o ya volvi\u00f3 a pasar\u00a0lo mismo. S\u00ed ocupamos mucha conciencia de la gente que cuide mucho el tema del fuego,\u00a0porque s\u00ed nos pega duro a todo el sector ganadero y a parte de la contaminaci\u00f3n que\u00a0esto genera\u201d, inform\u00f3.<\/p>\n<p>&nbsp;<\/p>\n<p>El alcalde, advirti\u00f3 que las condiciones actuales, como la abundancia de pasto tras las lluvias y la disminuci\u00f3n de ganado en ranchos, incrementan el riesgo de propagaci\u00f3n del fuego.<\/p>\n<p>&nbsp;<\/p>\n<p>Finalmente, exhort\u00f3 a evitar fogatas, no arrojar objetos inflamables en carreteras y reportar cualquier incidente, al subrayar que los incendios impactan gravemente al sector ganadero y al medio ambiente.<\/p>\n<p>&nbsp;<\/p>\n","protected":false},"excerpt":{"rendered":"<p>Luego de un 2025 con afectaciones importantes por incendios, el alcalde de Rosario de Tesopaco, emiti\u00f3 un llamado urgente a la ciudadan\u00eda para reforzar medidas de prevenci\u00f3n, luego de que en 2026 ya se registrara un nuevo siniestro con p\u00e9rdidas significativas. &nbsp; Gerardo Mend\u00edvil Valenzuela, dio a conocer que gran parte de estos incidentes son [&hellip;]<\/p>\n","protected":false},"author":2,"featured_media":253962,"comment_status":"closed","ping_status":"closed","sticky":false,"template":"","format":"standard","meta":{"footnotes":""},"categories":[12870,174],"tags":[12865,12873],"class_list":["post-253961","post","type-post","status-publish","format-standard","has-post-thumbnail","hentry","category-destacadas","category-estatal","tag-destacadas","tag-estatal"],"jetpack_featured_media_url":"https:\/\/rnoticias.com.mx\/Portal\/wp-content\/uploads\/2026\/04\/Aumenta-a-34-los-Incendios-Forestales.webp","amp_enabled":true,"_links":{"self":[{"href":"https:\/\/rnoticias.com.mx\/Portal\/wp-json\/wp\/v2\/posts\/253961","targetHints":{"allow":["GET"]}}],"collection":[{"href":"https:\/\/rnoticias.com.mx\/Portal\/wp-json\/wp\/v2\/posts"}],"about":[{"href":"https:\/\/rnoticias.com.mx\/Portal\/wp-json\/wp\/v2\/types\/post"}],"author":[{"embeddable":true,"href":"https:\/\/rnoticias.com.mx\/Portal\/wp-json\/wp\/v2\/users\/2"}],"replies":[{"embeddable":true,"href":"https:\/\/rnoticias.com.mx\/Portal\/wp-json\/wp\/v2\/comments?post=253961"}],"version-history":[{"count":1,"href":"https:\/\/rnoticias.com.mx\/Portal\/wp-json\/wp\/v2\/posts\/253961\/revisions"}],"predecessor-version":[{"id":253963,"href":"https:\/\/rnoticias.com.mx\/Portal\/wp-json\/wp\/v2\/posts\/253961\/revisions\/253963"}],"wp:featuredmedia":[{"embeddable":true,"href":"https:\/\/rnoticias.com.mx\/Portal\/wp-json\/wp\/v2\/media\/253962"}],"wp:attachment":[{"href":"https:\/\/rnoticias.com.mx\/Portal\/wp-json\/wp\/v2\/media?parent=253961"}],"wp:term":[{"taxonomy":"category","embeddable":true,"href":"https:\/\/rnoticias.com.mx\/Portal\/wp-json\/wp\/v2\/categories?post=253961"},{"taxonomy":"post_tag","embeddable":true,"href":"https:\/\/rnoticias.com.mx\/Portal\/wp-json\/wp\/v2\/tags?post=253961"}],"curies":[{"name":"wp","href":"https:\/\/api.w.org\/{rel}","templated":true}]}}