{"id":253958,"date":"2026-04-27T13:22:58","date_gmt":"2026-04-27T20:22:58","guid":{"rendered":"https:\/\/rnoticias.com.mx\/Portal\/?p=253958"},"modified":"2026-04-27T13:22:58","modified_gmt":"2026-04-27T20:22:58","slug":"avanzan-procesos-de-adopcion-en-dif-cajeme","status":"publish","type":"post","link":"https:\/\/rnoticias.com.mx\/Portal\/2026\/04\/27\/avanzan-procesos-de-adopcion-en-dif-cajeme\/","title":{"rendered":"Avanzan procesos de adopci\u00f3n en DIF Cajeme"},"content":{"rendered":"<p>Al menos cuatro procesos de adopci\u00f3n se encuentran en curso en Cajeme, mientras que en el \u00faltimo a\u00f1o se han concretado siete, gracias a la simplificaci\u00f3n de tr\u00e1mites y requisitos que anteriormente hac\u00edan m\u00e1s lento el procedimiento, asever\u00f3 Claudia Santacruz Avil\u00e9s.<\/p>\n<p>&nbsp;<\/p>\n<p>La directora del DIF Cajeme, destac\u00f3 que actualmente el objetivo es culminar los procesos activos para que ni\u00f1as y ni\u00f1os puedan integrarse a una nueva familia.<\/p>\n<p>&nbsp;<\/p>\n<p>\u201cTenemos procesos activos, ahorita estamos por culminar cuatro procesos de adopciones\u00a0y lo que les comentaba para nosotros en DIF Cajeme, en la Agencia de Adopciones, es muy importante\u00a0fue el culminar estos procesos donde nosotros entregamos a estos ni\u00f1os y estas ni\u00f1as a su nueva familia\u201d, asegur\u00f3.<\/p>\n<p>&nbsp;<\/p>\n<p>Abund\u00f3, que ahora no solo matrimonios pueden adoptar, sino tambi\u00e9n madres solteras y parejas del mismo sexo. De la misma forma, la funcionaria municipal invit\u00f3 a conocer el programa \u201cFamilias de Coraz\u00f3n\u201d, que brinda acompa\u00f1amiento durante todo el proceso.<\/p>\n<p>&nbsp;<\/p>\n","protected":false},"excerpt":{"rendered":"<p>Al menos cuatro procesos de adopci\u00f3n se encuentran en curso en Cajeme, mientras que en el \u00faltimo a\u00f1o se han concretado siete, gracias a la simplificaci\u00f3n de tr\u00e1mites y requisitos que anteriormente hac\u00edan m\u00e1s lento el procedimiento, asever\u00f3 Claudia Santacruz Avil\u00e9s. &nbsp; La directora del DIF Cajeme, destac\u00f3 que actualmente el objetivo es culminar los [&hellip;]<\/p>\n","protected":false},"author":2,"featured_media":253959,"comment_status":"closed","ping_status":"closed","sticky":false,"template":"","format":"standard","meta":{"footnotes":""},"categories":[12870,174],"tags":[12865,12873],"class_list":["post-253958","post","type-post","status-publish","format-standard","has-post-thumbnail","hentry","category-destacadas","category-estatal","tag-destacadas","tag-estatal"],"jetpack_featured_media_url":"https:\/\/rnoticias.com.mx\/Portal\/wp-content\/uploads\/2026\/04\/dif-cajeme-18e91b15.jpg","amp_enabled":true,"_links":{"self":[{"href":"https:\/\/rnoticias.com.mx\/Portal\/wp-json\/wp\/v2\/posts\/253958","targetHints":{"allow":["GET"]}}],"collection":[{"href":"https:\/\/rnoticias.com.mx\/Portal\/wp-json\/wp\/v2\/posts"}],"about":[{"href":"https:\/\/rnoticias.com.mx\/Portal\/wp-json\/wp\/v2\/types\/post"}],"author":[{"embeddable":true,"href":"https:\/\/rnoticias.com.mx\/Portal\/wp-json\/wp\/v2\/users\/2"}],"replies":[{"embeddable":true,"href":"https:\/\/rnoticias.com.mx\/Portal\/wp-json\/wp\/v2\/comments?post=253958"}],"version-history":[{"count":1,"href":"https:\/\/rnoticias.com.mx\/Portal\/wp-json\/wp\/v2\/posts\/253958\/revisions"}],"predecessor-version":[{"id":253960,"href":"https:\/\/rnoticias.com.mx\/Portal\/wp-json\/wp\/v2\/posts\/253958\/revisions\/253960"}],"wp:featuredmedia":[{"embeddable":true,"href":"https:\/\/rnoticias.com.mx\/Portal\/wp-json\/wp\/v2\/media\/253959"}],"wp:attachment":[{"href":"https:\/\/rnoticias.com.mx\/Portal\/wp-json\/wp\/v2\/media?parent=253958"}],"wp:term":[{"taxonomy":"category","embeddable":true,"href":"https:\/\/rnoticias.com.mx\/Portal\/wp-json\/wp\/v2\/categories?post=253958"},{"taxonomy":"post_tag","embeddable":true,"href":"https:\/\/rnoticias.com.mx\/Portal\/wp-json\/wp\/v2\/tags?post=253958"}],"curies":[{"name":"wp","href":"https:\/\/api.w.org\/{rel}","templated":true}]}}