{"id":253949,"date":"2026-04-27T11:34:00","date_gmt":"2026-04-27T18:34:00","guid":{"rendered":"https:\/\/rnoticias.com.mx\/Portal\/?p=253949"},"modified":"2026-04-27T11:34:00","modified_gmt":"2026-04-27T18:34:00","slug":"pedro-pascal-llora-con-playera-de-la-seleccion-mexicana-y-grita-viva-mexico-en-la-ccxp-2026","status":"publish","type":"post","link":"https:\/\/rnoticias.com.mx\/Portal\/2026\/04\/27\/pedro-pascal-llora-con-playera-de-la-seleccion-mexicana-y-grita-viva-mexico-en-la-ccxp-2026\/","title":{"rendered":"Pedro Pascal llora con playera de la Selecci\u00f3n Mexicana y grita \u201c\u00a1Viva M\u00e9xico!\u201d en la CCXP 2026"},"content":{"rendered":"<p>El actor chileno<strong>\u00a0Pedro Pascal\u00a0<\/strong>se rob\u00f3 el coraz\u00f3n del p\u00fablico mexicano al aparecer en el panel de The Mandalorian &amp; Grogu durante el cierre de la CCXP M\u00e9xico 2026.\u00a0<strong>Vestido con la ic\u00f3nica playera verde de la Selecci\u00f3n Nacional<\/strong>, Pascal emocion\u00f3 a miles de fans reunidos en el Centro Citibanamex con un momento cargado de cari\u00f1o y nostalgia.<\/p>\n<p>El domingo 26 de abril por la tarde, el actor subi\u00f3 al escenario y fue recibido con una ovaci\u00f3n ensordecedora. Los asistentes corearon su nombre a gritos, levantaron sus celulares para capturar el instante y le demostraron un afecto que lo conmovi\u00f3 desde el primer segundo. Visiblemente impactado, Pascal grab\u00f3 parte de la recepci\u00f3n con su tel\u00e9fono y respondi\u00f3 con gestos de gratitud mientras la sala vibraba de euforia.<\/p>\n<p>Al compartir sus recuerdos de infancia ligados a Star Wars, el int\u00e9rprete se quebr\u00f3 emocionalmente. Con la voz entrecortada, se quit\u00f3 los lentes para secarse las l\u00e1grimas y declar\u00f3:<\/p>\n<div id=\"eldia-3039391329\" class=\"eldia-contenido eldia-entity-placement eldia-target eldia-target\" data-eldia-trackid=\"1573641\" data-eldia-trackbid=\"1\"><\/div>\n<div id=\"eldia-2953735788\" class=\"eldia-contenido-3 eldia-entity-placement eldia-target eldia-target\" data-eldia-trackid=\"1863715\" data-eldia-trackbid=\"1\"><\/div>\n<p><strong><em>\u201cLas mejores memorias m\u00edas de mi infancia fue ir al cine y ver pel\u00edculas como esta, y as\u00ed que\u2026 eso, estar juntos y luchar por lo bueno. \u00a1Y viva M\u00e9xico!\u201d.<\/em><\/strong><\/p>\n<p>M\u00e1s adelante, continu\u00f3 con la emoci\u00f3n a flor de piel:<\/p>\n<p><strong><em>\u201cSiempre tuve el sue\u00f1o de estar en un proyecto as\u00ed en la gran pantalla, vi todas las pel\u00edculas de Star Wars en el cine. Ser parte de esto, compartirlo\u2026 Perd\u00f3n, ya estoy viejito, esto pasa seguido. Compartir esta experiencia con ustedes en el cine es un sue\u00f1o que nunca me imagin\u00e9\u201d.<\/em><\/strong><\/p>\n<div class=\"stream-item stream-item-in-post stream-item-inline-post aligncenter\">\n<div class=\"stream-item-size\"><\/div>\n<\/div>\n<p>El momento alcanz\u00f3 su punto m\u00e1s alto cuando Pascal se cubri\u00f3 el rostro con las manos, abrumado por los aplausos de pie y los gritos de cari\u00f1o del p\u00fablico, en una escena que r\u00e1pidamente se volvi\u00f3 viral en redes sociales.<\/p>\n<p>Acompa\u00f1ado por el director Jon Favreau y el personaje animatr\u00f3nico de Grogu, Pascal present\u00f3 un adelanto exclusivo de los primeros minutos de la pel\u00edcula, lo que gener\u00f3 gran expectativa entre los asistentes.<\/p>\n<p><strong>The Mandalorian &amp; Grogu marca el regreso de Star Wars a las salas de cine despu\u00e9s de siete a\u00f1os.\u00a0<\/strong>Dirigida por Jon Favreau, con guion de Favreau junto a Dave Filoni y Noah Kloor (basado en los personajes originales de George Lucas), la producci\u00f3n es de Lucasfilm y Walt Disney Studios, con Kathleen Kennedy, Favreau, Filoni e Ian Bryce entre los productores.<\/p>\n<p>La historia sigue las nuevas aventuras del cazarrecompensas mandaloriano Din Djarin (Pedro Pascal, con Brendan Wayne y Lateef Crowder en las escenas de acci\u00f3n con casco) y su aprendiz Grogu, en una galaxia donde el Imperio ha ca\u00eddo pero a\u00fan persisten amenazas y la Nueva Rep\u00fablica busca consolidarse. El elenco incluye a Sigourney Weaver y Jeremy Allen White (en rol de voz), entre otros. La pel\u00edcula llegar\u00e1 a los cines el 22 de mayo de 2026 en Estados Unidos y el 21 de mayo de 2026 en varios mercados de Hispanoam\u00e9rica.<\/p>\n<p>Como parte de la promoci\u00f3n en M\u00e9xico,<strong>\u00a0Grogu ha participado en activaciones especiales,<\/strong>\u00a0como un paseo en trajinera por Xochimilco que captur\u00f3 la atenci\u00f3n nacional.<\/p>\n<p>Pascal ha estado recientemente en la Ciudad de M\u00e9xico filmando De Noche, un drama rom\u00e1ntico ambientado en los a\u00f1os 30 dirigido por Todd Haynes, lo que ha reforzado su cercan\u00eda con el p\u00fablico local.<\/p>\n<p>Este emotivo panel consolida a M\u00e9xico como un mercado clave para los grandes estrenos internacionales de entretenimiento.<\/p>\n","protected":false},"excerpt":{"rendered":"<p>El actor chileno\u00a0Pedro Pascal\u00a0se rob\u00f3 el coraz\u00f3n del p\u00fablico mexicano al aparecer en el panel de The Mandalorian &amp; Grogu durante el cierre de la CCXP M\u00e9xico 2026.\u00a0Vestido con la ic\u00f3nica playera verde de la Selecci\u00f3n Nacional, Pascal emocion\u00f3 a miles de fans reunidos en el Centro Citibanamex con un momento cargado de cari\u00f1o y [&hellip;]<\/p>\n","protected":false},"author":2,"featured_media":253950,"comment_status":"closed","ping_status":"closed","sticky":false,"template":"","format":"standard","meta":{"footnotes":""},"categories":[12870,219],"tags":[12865,12875],"class_list":["post-253949","post","type-post","status-publish","format-standard","has-post-thumbnail","hentry","category-destacadas","category-espectaculos","tag-destacadas","tag-espectaculos"],"jetpack_featured_media_url":"https:\/\/rnoticias.com.mx\/Portal\/wp-content\/uploads\/2026\/04\/pedro-pascal-llora-con-playera-de-la-seleccion-mexicana-y-grita-viva-mexico-en-la-ccxp-2026.webp","amp_enabled":true,"_links":{"self":[{"href":"https:\/\/rnoticias.com.mx\/Portal\/wp-json\/wp\/v2\/posts\/253949","targetHints":{"allow":["GET"]}}],"collection":[{"href":"https:\/\/rnoticias.com.mx\/Portal\/wp-json\/wp\/v2\/posts"}],"about":[{"href":"https:\/\/rnoticias.com.mx\/Portal\/wp-json\/wp\/v2\/types\/post"}],"author":[{"embeddable":true,"href":"https:\/\/rnoticias.com.mx\/Portal\/wp-json\/wp\/v2\/users\/2"}],"replies":[{"embeddable":true,"href":"https:\/\/rnoticias.com.mx\/Portal\/wp-json\/wp\/v2\/comments?post=253949"}],"version-history":[{"count":1,"href":"https:\/\/rnoticias.com.mx\/Portal\/wp-json\/wp\/v2\/posts\/253949\/revisions"}],"predecessor-version":[{"id":253951,"href":"https:\/\/rnoticias.com.mx\/Portal\/wp-json\/wp\/v2\/posts\/253949\/revisions\/253951"}],"wp:featuredmedia":[{"embeddable":true,"href":"https:\/\/rnoticias.com.mx\/Portal\/wp-json\/wp\/v2\/media\/253950"}],"wp:attachment":[{"href":"https:\/\/rnoticias.com.mx\/Portal\/wp-json\/wp\/v2\/media?parent=253949"}],"wp:term":[{"taxonomy":"category","embeddable":true,"href":"https:\/\/rnoticias.com.mx\/Portal\/wp-json\/wp\/v2\/categories?post=253949"},{"taxonomy":"post_tag","embeddable":true,"href":"https:\/\/rnoticias.com.mx\/Portal\/wp-json\/wp\/v2\/tags?post=253949"}],"curies":[{"name":"wp","href":"https:\/\/api.w.org\/{rel}","templated":true}]}}