{"id":253943,"date":"2026-04-27T11:32:08","date_gmt":"2026-04-27T18:32:08","guid":{"rendered":"https:\/\/rnoticias.com.mx\/Portal\/?p=253943"},"modified":"2026-04-27T11:32:08","modified_gmt":"2026-04-27T18:32:08","slug":"desaparece-la-cuenta-de-wendy-guevara-tras-escandalo-por-videos-con-paola-suarez","status":"publish","type":"post","link":"https:\/\/rnoticias.com.mx\/Portal\/2026\/04\/27\/desaparece-la-cuenta-de-wendy-guevara-tras-escandalo-por-videos-con-paola-suarez\/","title":{"rendered":"Desaparece la cuenta de Wendy Guevara tras esc\u00e1ndalo por videos con Paola Su\u00e1rez"},"content":{"rendered":"<p>Durante la tarde y noche del domingo 26 de abril de 2026, miles de seguidores de\u00a0<strong>Wendy Guevara\u00a0<\/strong>notaron que su cuenta @soywendyguevaraoficial hab\u00eda desaparecido de Instagram. Al intentar acceder, aparece el mensaje est\u00e1ndar:\u00a0<strong><em>\u201cEsta p\u00e1gina no est\u00e1 disponible\u201d\u00a0<\/em><\/strong>o<strong><em>\u00a0\u201cEs posible que el enlace que seleccionaste no funcione o que se haya eliminado la p\u00e1gina\u201d.<\/em><\/strong><\/p>\n<p>La cuenta acumulaba m\u00e1s de 8 millones de seguidores y representaba el principal canal de comunicaci\u00f3n de la influencer con su audiencia. Hasta el cierre de esta nota<strong>, ni la plataforma ni Wendy Guevara han emitido un comunicado sobre los motivos de la suspensi\u00f3n<\/strong>\u00a0ni si se trata de una medida temporal o permanente.<\/p>\n<p>Esta situaci\u00f3n se produce en medio de una fuerte pol\u00e9mica que estall\u00f3 a inicios de abril de 2026, cuando resurgieron videos antiguos (grabados entre 2017 y 2018) de Wendy Guevara y su amiga Paola Su\u00e1rez, integrantes del d\u00fao \u201cLas Perdidas\u201d. En los clips, provenientes de transmisiones en vivo e entrevistas de sus inicios,<strong>\u00a0ambas realizaban bromas y comentarios considerados inapropiados que alud\u00edan a temas sexualizados con menores de edad.<\/strong><\/p>\n<div id=\"eldia-503897602\" class=\"eldia-contenido eldia-entity-placement eldia-target eldia-target\" data-eldia-trackid=\"1573641\" data-eldia-trackbid=\"1\"><\/div>\n<div id=\"eldia-71197912\" class=\"eldia-contenido-3 eldia-entity-placement eldia-target eldia-target\" data-eldia-trackid=\"1863715\" data-eldia-trackbid=\"1\"><\/div>\n<p>Los videos se viralizaron r\u00e1pidamente en TikTok, X y otras redes, generando indignaci\u00f3n masiva, campa\u00f1as de rechazo, reportes masivos y llamados a la cancelaci\u00f3n. Usuarios compartieron los fragmentos acompa\u00f1ados de hashtags y cr\u00edticas severas, acusando a las creadoras de normalizar temas delicados. La presi\u00f3n en redes fue intensa durante las semanas previas.<\/p>\n<p>Ante la ola de cr\u00edticas, Wendy Guevara ofreci\u00f3 disculpas p\u00fablicas. En declaraciones recogidas por diversos medios, expres\u00f3:\u00a0<strong><em>\u201cEso fue hace muchos a\u00f1os, no justifico eso porque es un tema delicado. Yo fui una persona que fue violada cuando ten\u00eda 7 a\u00f1os\u2026 Obviamente nosotras est\u00e1bamos jugando, quer\u00edamos ser pol\u00e9micas, \u00e9ramos muy \u2018verdes\u2019 (inexpertas) en ese tiempo\u2026 yo s\u00e9 que la gente se molesta\u2026 yo pido disculpas a todos\u201d.<\/em><\/strong>\u00a0Paola Su\u00e1rez tambi\u00e9n respald\u00f3 que se trat\u00f3 de bromas del pasado sin intenci\u00f3n de da\u00f1o. Sin embargo, para una parte importante de la audiencia las disculpas no fueron suficientes dada la sensibilidad del tema.<\/p>\n<p>No es la primera vez que Wendy enfrenta problemas con su cuenta de Instagram. En agosto de 2023, poco despu\u00e9s de ganar La Casa de los Famosos M\u00e9xico, perdi\u00f3 temporalmente el acceso a su perfil (entonces con m\u00e1s de 6 millones de seguidores), sin explicaciones detalladas en ese momento.<\/p>\n<div class=\"stream-item stream-item-in-post stream-item-inline-post aligncenter\">\n<div class=\"stream-item-size\"><\/div>\n<\/div>\n<p>Wendy Guevara Venegas naci\u00f3 el 12 de agosto de 1993 en Le\u00f3n, Guanajuato. Su vida ha estado marcada por desaf\u00edos desde la infancia: acoso escolar por su identidad de g\u00e9nero, violencia intrafamiliar, abuso sexual a los 7 a\u00f1os y trabajo en el negocio familiar de calzado. Posteriormente migr\u00f3 a la Ciudad de M\u00e9xico, donde enfrent\u00f3 periodos dif\u00edciles, incluyendo un breve paso por el trabajo sexual. Adopt\u00f3 el nombre \u201cWendy\u201d inspirada en un personaje de Ang\u00e9lica Vale en la telenovela Amigas y Rivales.<\/p>\n<p>Su salto a la fama ocurri\u00f3 en 2017 con un video viral junto a Paola Su\u00e1rez en el que, p\u00e9rdidas en un cerro, repet\u00edan\u00a0<strong><em>\u201c\u00a1Estamos perdidas, perdidas, perdidas!\u201d<\/em><\/strong>, lo que dio origen al fen\u00f3meno \u201cLas Perdidas\u201d. El humor irreverente y sin filtros las convirti\u00f3 en referentes del entretenimiento digital mexicano.<\/p>\n<p>A partir de ah\u00ed, Wendy desarroll\u00f3 una carrera multifac\u00e9tica: lanz\u00f3 sencillos como\u00a0<strong><em>\u201cMua\u201d, \u201cHey perra\u201d, \u201cHasta que salga el sol\u201d<\/em><\/strong>\u00a0y\u00a0<strong><em>\u201cTAPU\u201d.\u00a0<\/em><\/strong>Debut\u00f3 en televisi\u00f3n en 2019 con un especial de Do\u00f1a Flor y sus dos maridos, colabor\u00f3 con Adela Micha y particip\u00f3 en la bioserie \u201cGloria Trevi: ellas soy yo\u201d (2022). En 2023 se coron\u00f3 ganadora de la primera edici\u00f3n de La Casa de los Famosos M\u00e9xico, convirti\u00e9ndose en la primera mujer trans en lograrlo en ese formato. Posteriormente protagoniz\u00f3 su reality Wendy, perdida pero famosa en Vix, colabor\u00f3 musicalmente con Nicola Porcella en \u201cSacude\u201d (2024) y fue embajadora de MAC Cosmetics en M\u00e9xico.<\/p>\n<p>Hasta el momento, Wendy Guevara y su equipo no han actualizado p\u00fablicamente sobre la situaci\u00f3n de su cuenta de Instagram.<\/p>\n","protected":false},"excerpt":{"rendered":"<p>Durante la tarde y noche del domingo 26 de abril de 2026, miles de seguidores de\u00a0Wendy Guevara\u00a0notaron que su cuenta @soywendyguevaraoficial hab\u00eda desaparecido de Instagram. Al intentar acceder, aparece el mensaje est\u00e1ndar:\u00a0\u201cEsta p\u00e1gina no est\u00e1 disponible\u201d\u00a0o\u00a0\u201cEs posible que el enlace que seleccionaste no funcione o que se haya eliminado la p\u00e1gina\u201d. La cuenta acumulaba m\u00e1s [&hellip;]<\/p>\n","protected":false},"author":2,"featured_media":253944,"comment_status":"closed","ping_status":"closed","sticky":false,"template":"","format":"standard","meta":{"footnotes":""},"categories":[12870,219],"tags":[12865,12875],"class_list":["post-253943","post","type-post","status-publish","format-standard","has-post-thumbnail","hentry","category-destacadas","category-espectaculos","tag-destacadas","tag-espectaculos"],"jetpack_featured_media_url":"https:\/\/rnoticias.com.mx\/Portal\/wp-content\/uploads\/2026\/04\/f960x540-344625_418700_5050.jpg","amp_enabled":true,"_links":{"self":[{"href":"https:\/\/rnoticias.com.mx\/Portal\/wp-json\/wp\/v2\/posts\/253943","targetHints":{"allow":["GET"]}}],"collection":[{"href":"https:\/\/rnoticias.com.mx\/Portal\/wp-json\/wp\/v2\/posts"}],"about":[{"href":"https:\/\/rnoticias.com.mx\/Portal\/wp-json\/wp\/v2\/types\/post"}],"author":[{"embeddable":true,"href":"https:\/\/rnoticias.com.mx\/Portal\/wp-json\/wp\/v2\/users\/2"}],"replies":[{"embeddable":true,"href":"https:\/\/rnoticias.com.mx\/Portal\/wp-json\/wp\/v2\/comments?post=253943"}],"version-history":[{"count":1,"href":"https:\/\/rnoticias.com.mx\/Portal\/wp-json\/wp\/v2\/posts\/253943\/revisions"}],"predecessor-version":[{"id":253945,"href":"https:\/\/rnoticias.com.mx\/Portal\/wp-json\/wp\/v2\/posts\/253943\/revisions\/253945"}],"wp:featuredmedia":[{"embeddable":true,"href":"https:\/\/rnoticias.com.mx\/Portal\/wp-json\/wp\/v2\/media\/253944"}],"wp:attachment":[{"href":"https:\/\/rnoticias.com.mx\/Portal\/wp-json\/wp\/v2\/media?parent=253943"}],"wp:term":[{"taxonomy":"category","embeddable":true,"href":"https:\/\/rnoticias.com.mx\/Portal\/wp-json\/wp\/v2\/categories?post=253943"},{"taxonomy":"post_tag","embeddable":true,"href":"https:\/\/rnoticias.com.mx\/Portal\/wp-json\/wp\/v2\/tags?post=253943"}],"curies":[{"name":"wp","href":"https:\/\/api.w.org\/{rel}","templated":true}]}}