{"id":253937,"date":"2026-04-27T10:43:37","date_gmt":"2026-04-27T17:43:37","guid":{"rendered":"https:\/\/rnoticias.com.mx\/Portal\/?p=253937"},"modified":"2026-04-27T10:43:37","modified_gmt":"2026-04-27T17:43:37","slug":"gobierno-de-sonora-impulsa-reconversion-productiva-con-siembra-historica-de-cartamo","status":"publish","type":"post","link":"https:\/\/rnoticias.com.mx\/Portal\/2026\/04\/27\/gobierno-de-sonora-impulsa-reconversion-productiva-con-siembra-historica-de-cartamo\/","title":{"rendered":"Gobierno de Sonora impulsa reconversi\u00f3n productiva con siembra hist\u00f3rica de c\u00e1rtamo"},"content":{"rendered":"<p>Ciudad Obreg\u00f3n, Sonora; 27 de abril de 2026.- Para fortalecer la producci\u00f3n agr\u00edcola y garantizar un uso m\u00e1s eficiente del agua ante la crisis h\u00eddrica que enfrenta la entidad, el gobernador Alfonso Durazo Monta\u00f1o, a trav\u00e9s del Gobierno de Sonora y de la Secretar\u00eda de Agricultura, Ganader\u00eda, Recursos Hidr\u00e1ulicos, Pesca y Acuacultura (Sagarhpa), impulsa la siembra de c\u00e1rtamo como principal alternativa estrat\u00e9gica para el ciclo agr\u00edcola oto\u00f1o-invierno 2025-2026.<\/p>\n<p>El Gobierno de Sonora ha promovido una reconversi\u00f3n de cultivos sin precedentes, privilegiando opciones de menor consumo de agua, como el c\u00e1rtamo, en sustituci\u00f3n de cultivos tradicionales como el trigo cristalino, con el prop\u00f3sito de reducir entre un 30 y 40 por ciento el uso del recurso h\u00eddrico en el campo sonorense.<\/p>\n<p>En gira de trabajo por Cajeme, la secretaria de Sagarhpa, Celida L\u00f3pez C\u00e1rdenas, explic\u00f3 que para este ciclo agr\u00edcola la expedici\u00f3n de permisos de siembra estuvo estrictamente condicionada a cultivos con demanda menor a dos o tres riegos de auxilio, lo que permiti\u00f3 consolidar una mayor superficie destinada al c\u00e1rtamo.<\/p>\n<p>Detall\u00f3 que en el Valle del R\u00edo Yaqui se establecieron 26 mil 879.71 hect\u00e1reas, mientras que en el Valle del R\u00edo Mayo se sembraron cuatro mil 384.94 hect\u00e1reas, alcanzando en total 31 mil 463 hect\u00e1reas en todo el sur de Sonora.<\/p>\n<p>Indic\u00f3 que esta superficie representa una producci\u00f3n estimada de 65 mil toneladas, lo que fortalece la rentabilidad de las y los productores y, al mismo tiempo, contribuye a una agricultura m\u00e1s sustentable y adaptada a las condiciones clim\u00e1ticas actuales.<\/p>\n<p>Esta estrategia forma parte de la visi\u00f3n del gobernador Alfonso Durazo para impulsar una agricultura con cultivos rentables, sostenibles y alineados a la disponibilidad real de agua en la entidad.<\/p>\n<p>El Gobierno de Sonora refrend\u00f3 su compromiso de seguir acompa\u00f1ando a las y los productores con pol\u00edticas p\u00fablicas responsables que permitan mantener la productividad del campo sin comprometer el futuro h\u00eddrico de Sonora.<\/p>\n","protected":false},"excerpt":{"rendered":"<p>Ciudad Obreg\u00f3n, Sonora; 27 de abril de 2026.- Para fortalecer la producci\u00f3n agr\u00edcola y garantizar un uso m\u00e1s eficiente del agua ante la crisis h\u00eddrica que enfrenta la entidad, el gobernador Alfonso Durazo Monta\u00f1o, a trav\u00e9s del Gobierno de Sonora y de la Secretar\u00eda de Agricultura, Ganader\u00eda, Recursos Hidr\u00e1ulicos, Pesca y Acuacultura (Sagarhpa), impulsa la [&hellip;]<\/p>\n","protected":false},"author":2,"featured_media":253938,"comment_status":"closed","ping_status":"closed","sticky":false,"template":"","format":"standard","meta":{"footnotes":""},"categories":[174],"tags":[12873],"class_list":["post-253937","post","type-post","status-publish","format-standard","has-post-thumbnail","hentry","category-estatal","tag-estatal"],"jetpack_featured_media_url":"https:\/\/rnoticias.com.mx\/Portal\/wp-content\/uploads\/2026\/04\/unnamed-4-10.jpg","amp_enabled":true,"_links":{"self":[{"href":"https:\/\/rnoticias.com.mx\/Portal\/wp-json\/wp\/v2\/posts\/253937","targetHints":{"allow":["GET"]}}],"collection":[{"href":"https:\/\/rnoticias.com.mx\/Portal\/wp-json\/wp\/v2\/posts"}],"about":[{"href":"https:\/\/rnoticias.com.mx\/Portal\/wp-json\/wp\/v2\/types\/post"}],"author":[{"embeddable":true,"href":"https:\/\/rnoticias.com.mx\/Portal\/wp-json\/wp\/v2\/users\/2"}],"replies":[{"embeddable":true,"href":"https:\/\/rnoticias.com.mx\/Portal\/wp-json\/wp\/v2\/comments?post=253937"}],"version-history":[{"count":1,"href":"https:\/\/rnoticias.com.mx\/Portal\/wp-json\/wp\/v2\/posts\/253937\/revisions"}],"predecessor-version":[{"id":253939,"href":"https:\/\/rnoticias.com.mx\/Portal\/wp-json\/wp\/v2\/posts\/253937\/revisions\/253939"}],"wp:featuredmedia":[{"embeddable":true,"href":"https:\/\/rnoticias.com.mx\/Portal\/wp-json\/wp\/v2\/media\/253938"}],"wp:attachment":[{"href":"https:\/\/rnoticias.com.mx\/Portal\/wp-json\/wp\/v2\/media?parent=253937"}],"wp:term":[{"taxonomy":"category","embeddable":true,"href":"https:\/\/rnoticias.com.mx\/Portal\/wp-json\/wp\/v2\/categories?post=253937"},{"taxonomy":"post_tag","embeddable":true,"href":"https:\/\/rnoticias.com.mx\/Portal\/wp-json\/wp\/v2\/tags?post=253937"}],"curies":[{"name":"wp","href":"https:\/\/api.w.org\/{rel}","templated":true}]}}