{"id":253931,"date":"2026-04-27T10:41:29","date_gmt":"2026-04-27T17:41:29","guid":{"rendered":"https:\/\/rnoticias.com.mx\/Portal\/?p=253931"},"modified":"2026-04-27T10:41:29","modified_gmt":"2026-04-27T17:41:29","slug":"sonora-esta-listo-para-participar-en-tianguis-turistico-2026-en-acapulco","status":"publish","type":"post","link":"https:\/\/rnoticias.com.mx\/Portal\/2026\/04\/27\/sonora-esta-listo-para-participar-en-tianguis-turistico-2026-en-acapulco\/","title":{"rendered":"Sonora est\u00e1 listo para participar en Tianguis Tur\u00edstico 2026 en Acapulco"},"content":{"rendered":"<p>Hermosillo, Sonora; 27 de abril de 2026.- Con el objetivo de proyectar nuevamente a Sonora en el mapa tur\u00edstico internacional, el Gobierno de Sonora, a trav\u00e9s de la Secretar\u00eda de Econom\u00eda y Turismo (SETUR), se prepara para participar en la 50 edici\u00f3n del Tianguis Tur\u00edstico que se llevar\u00e1 a cabo en Acapulco, Guerrero, del 27 al 30 de abril.<\/p>\n<p>En el evento participar\u00e1n representantes de agencias de viajes, hoteles, organizadores de eventos, oficinas de convenciones y visitantes, y dem\u00e1s integrantes de la cadena de valor tur\u00edstica en Sonora, para promover y generar oportunidades de negocio nacionales e internacionales.<\/p>\n<p>Durante este encuentro, que reunir\u00e1 a las 32 entidades del pa\u00eds, se prev\u00e9 la participaci\u00f3n de m\u00e1s de tres mil expositores, con la presencia especial de Colombia como pa\u00eds invitado.<\/p>\n<p>El secretario de Econom\u00eda y Turismo, Roberto Gradillas Pineda, destac\u00f3 la importancia de que Sonora contin\u00fae presente en escenarios internacionales, donde se impartir\u00e1n actividades como conferencias, foros y paneles que contribuir\u00e1n a fortalecer el crecimiento y desarrollo del sector tur\u00edstico sonorense y del pa\u00eds.<\/p>\n<p>\u201cBajo el liderazgo de nuestro gobernador Alfonso Durazo, nuestra participaci\u00f3n en el Tianguis Tur\u00edstico 2026 busca fortalecer la promoci\u00f3n de nuestros destinos, consolidar alianzas comerciales y atraer m\u00e1s inversi\u00f3n y visitantes, mostrando la extraordinaria riqueza natural, cultural y gastron\u00f3mica que distingue a Sonora\u201d, expres\u00f3.<\/p>\n<p>El Gobierno de Sonora, a trav\u00e9s de la SETUR, reafirma su compromiso por continuar trabajando para impulsar al sector tur\u00edstico como motor clave de desarrollo econ\u00f3mico y social, buscando crear beneficios directos para las miles de familias sonorenses que dependen de este importante sector.<\/p>\n","protected":false},"excerpt":{"rendered":"<p>Hermosillo, Sonora; 27 de abril de 2026.- Con el objetivo de proyectar nuevamente a Sonora en el mapa tur\u00edstico internacional, el Gobierno de Sonora, a trav\u00e9s de la Secretar\u00eda de Econom\u00eda y Turismo (SETUR), se prepara para participar en la 50 edici\u00f3n del Tianguis Tur\u00edstico que se llevar\u00e1 a cabo en Acapulco, Guerrero, del 27 [&hellip;]<\/p>\n","protected":false},"author":2,"featured_media":253932,"comment_status":"closed","ping_status":"closed","sticky":false,"template":"","format":"standard","meta":{"footnotes":""},"categories":[178],"tags":[12869],"class_list":["post-253931","post","type-post","status-publish","format-standard","has-post-thumbnail","hentry","category-local","tag-local"],"jetpack_featured_media_url":"https:\/\/rnoticias.com.mx\/Portal\/wp-content\/uploads\/2026\/04\/unnamed-2-25.jpg","amp_enabled":true,"_links":{"self":[{"href":"https:\/\/rnoticias.com.mx\/Portal\/wp-json\/wp\/v2\/posts\/253931","targetHints":{"allow":["GET"]}}],"collection":[{"href":"https:\/\/rnoticias.com.mx\/Portal\/wp-json\/wp\/v2\/posts"}],"about":[{"href":"https:\/\/rnoticias.com.mx\/Portal\/wp-json\/wp\/v2\/types\/post"}],"author":[{"embeddable":true,"href":"https:\/\/rnoticias.com.mx\/Portal\/wp-json\/wp\/v2\/users\/2"}],"replies":[{"embeddable":true,"href":"https:\/\/rnoticias.com.mx\/Portal\/wp-json\/wp\/v2\/comments?post=253931"}],"version-history":[{"count":1,"href":"https:\/\/rnoticias.com.mx\/Portal\/wp-json\/wp\/v2\/posts\/253931\/revisions"}],"predecessor-version":[{"id":253933,"href":"https:\/\/rnoticias.com.mx\/Portal\/wp-json\/wp\/v2\/posts\/253931\/revisions\/253933"}],"wp:featuredmedia":[{"embeddable":true,"href":"https:\/\/rnoticias.com.mx\/Portal\/wp-json\/wp\/v2\/media\/253932"}],"wp:attachment":[{"href":"https:\/\/rnoticias.com.mx\/Portal\/wp-json\/wp\/v2\/media?parent=253931"}],"wp:term":[{"taxonomy":"category","embeddable":true,"href":"https:\/\/rnoticias.com.mx\/Portal\/wp-json\/wp\/v2\/categories?post=253931"},{"taxonomy":"post_tag","embeddable":true,"href":"https:\/\/rnoticias.com.mx\/Portal\/wp-json\/wp\/v2\/tags?post=253931"}],"curies":[{"name":"wp","href":"https:\/\/api.w.org\/{rel}","templated":true}]}}