{"id":253902,"date":"2026-04-27T09:57:05","date_gmt":"2026-04-27T16:57:05","guid":{"rendered":"https:\/\/rnoticias.com.mx\/Portal\/?p=253902"},"modified":"2026-04-27T09:57:05","modified_gmt":"2026-04-27T16:57:05","slug":"invitan-a-jornada-de-salud-visual-y-servicios-preventivos-en-olivares-el-apache-y-las-praderas","status":"publish","type":"post","link":"https:\/\/rnoticias.com.mx\/Portal\/2026\/04\/27\/invitan-a-jornada-de-salud-visual-y-servicios-preventivos-en-olivares-el-apache-y-las-praderas\/","title":{"rendered":"Invitan a Jornada de Salud Visual y servicios preventivos en Olivares, El Apache y Las Praderas"},"content":{"rendered":"<p>Hermosillo, Sonora; 26 de abril, 2026.- Con el objetivo de construir una comunidad m\u00e1s sana, el Ayuntamiento de Hermosillo acercar\u00e1 atenci\u00f3n preventiva y servicios gratuitos a trav\u00e9s de la Jornada de Salud Visual en colonias como Olivares, Las Praderas y El Apache, donde adem\u00e1s se ofrecer\u00e1n distintos servicios m\u00e9dicos.<\/p>\n<p>Luis Becerra Hurtado, director de Salud P\u00fablica Municipal invit\u00f3 a aprovechar ex\u00e1menes de la vista, entrega de lentes monofocales para lectura, atenci\u00f3n m\u00e9dica preventiva, odontolog\u00eda, orientaci\u00f3n nutricional, m\u00f3dulos de vacunaci\u00f3n, toma de muestras de Papanicolau y medici\u00f3n tanto de glucosa como de presi\u00f3n arterial.<\/p>\n<p>En ese sentido, el martes 28 de abril las actividades se desarrollar\u00e1n de 9:00 de la ma\u00f1ana a 12:00 del mediod\u00eda en la colonia Olivares, en el Parque Copacabana ubicado en avenida Enrique Quijada, entre L\u00f3pez del Castillo y Guillermo Arreola.<\/p>\n<p>Ese mismo d\u00eda y en el mismo horario, la jornada tambi\u00e9n llegar\u00e1 al fraccionamiento Las Praderas, en el Parque Praderas ubicado en calle De Los Pinares, esquina con callej\u00f3n Rosales.<\/p>\n<p>Posteriormente, el mi\u00e9rcoles 29 de abril, la atenci\u00f3n se brindar\u00e1 en la colonia El Apache, en el Parque Las Manitas ubicado en calle Pluma Blanca Norte, esquina con San Felipe, tambi\u00e9n de 9:00 de la ma\u00f1ana a 12:00 del mediod\u00eda.<\/p>\n<p>El Gobierno Municipal invita a la ciudadan\u00eda a aprovechar estos servicios gratuitos orientados al cuidado de la salud visual y la prevenci\u00f3n, adem\u00e1s de mantenerse informada a trav\u00e9s de las redes sociales oficiales de @hermosillogob en X e Instagram, as\u00ed como Gobierno de Hermosillo en Facebook.<\/p>\n<div><\/div>\n","protected":false},"excerpt":{"rendered":"<p>Hermosillo, Sonora; 26 de abril, 2026.- Con el objetivo de construir una comunidad m\u00e1s sana, el Ayuntamiento de Hermosillo acercar\u00e1 atenci\u00f3n preventiva y servicios gratuitos a trav\u00e9s de la Jornada de Salud Visual en colonias como Olivares, Las Praderas y El Apache, donde adem\u00e1s se ofrecer\u00e1n distintos servicios m\u00e9dicos. Luis Becerra Hurtado, director de Salud [&hellip;]<\/p>\n","protected":false},"author":2,"featured_media":253903,"comment_status":"closed","ping_status":"closed","sticky":false,"template":"","format":"standard","meta":{"footnotes":""},"categories":[12870,178],"tags":[12865,12869],"class_list":["post-253902","post","type-post","status-publish","format-standard","has-post-thumbnail","hentry","category-destacadas","category-local","tag-destacadas","tag-local"],"jetpack_featured_media_url":"https:\/\/rnoticias.com.mx\/Portal\/wp-content\/uploads\/2026\/04\/Invitan-a-Jornada-de-Salud-Visual-y-servicios-preventivos-en-Olivares-El-Apache-y-Las-Praderas-3.jpeg","amp_enabled":true,"_links":{"self":[{"href":"https:\/\/rnoticias.com.mx\/Portal\/wp-json\/wp\/v2\/posts\/253902","targetHints":{"allow":["GET"]}}],"collection":[{"href":"https:\/\/rnoticias.com.mx\/Portal\/wp-json\/wp\/v2\/posts"}],"about":[{"href":"https:\/\/rnoticias.com.mx\/Portal\/wp-json\/wp\/v2\/types\/post"}],"author":[{"embeddable":true,"href":"https:\/\/rnoticias.com.mx\/Portal\/wp-json\/wp\/v2\/users\/2"}],"replies":[{"embeddable":true,"href":"https:\/\/rnoticias.com.mx\/Portal\/wp-json\/wp\/v2\/comments?post=253902"}],"version-history":[{"count":1,"href":"https:\/\/rnoticias.com.mx\/Portal\/wp-json\/wp\/v2\/posts\/253902\/revisions"}],"predecessor-version":[{"id":253904,"href":"https:\/\/rnoticias.com.mx\/Portal\/wp-json\/wp\/v2\/posts\/253902\/revisions\/253904"}],"wp:featuredmedia":[{"embeddable":true,"href":"https:\/\/rnoticias.com.mx\/Portal\/wp-json\/wp\/v2\/media\/253903"}],"wp:attachment":[{"href":"https:\/\/rnoticias.com.mx\/Portal\/wp-json\/wp\/v2\/media?parent=253902"}],"wp:term":[{"taxonomy":"category","embeddable":true,"href":"https:\/\/rnoticias.com.mx\/Portal\/wp-json\/wp\/v2\/categories?post=253902"},{"taxonomy":"post_tag","embeddable":true,"href":"https:\/\/rnoticias.com.mx\/Portal\/wp-json\/wp\/v2\/tags?post=253902"}],"curies":[{"name":"wp","href":"https:\/\/api.w.org\/{rel}","templated":true}]}}