{"id":253889,"date":"2026-04-27T09:38:40","date_gmt":"2026-04-27T16:38:40","guid":{"rendered":"https:\/\/rnoticias.com.mx\/Portal\/?p=253889"},"modified":"2026-04-27T09:38:40","modified_gmt":"2026-04-27T16:38:40","slug":"refuerza-ine-promocion-del-voto-de-mexicanas-y-mexicanos-residentes-en-el-extranjero-con-enfoque-de-proximidad","status":"publish","type":"post","link":"https:\/\/rnoticias.com.mx\/Portal\/2026\/04\/27\/refuerza-ine-promocion-del-voto-de-mexicanas-y-mexicanos-residentes-en-el-extranjero-con-enfoque-de-proximidad\/","title":{"rendered":"Refuerza INE promoci\u00f3n del voto de mexicanas y mexicanos residentes en el extranjero, con enfoque de proximidad"},"content":{"rendered":"<p class=\"x_MsoNormal\"><span data-olk-copy-source=\"MessageBody\">El Instituto Nacional Electoral (INE), por medio de la Comisi\u00f3n Temporal del Voto de las y los Mexicanos Residentes en el Extranjero (CVMRE), present\u00f3 los Programas Espec\u00edficos de Trabajo de difusi\u00f3n, comunicaci\u00f3n, vinculaci\u00f3n, acciones en plataformas digitales y educaci\u00f3n electoral, a realizarse entre abril y agosto de 2026.<\/span><\/p>\n<p class=\"x_MsoNormal\">\n<p class=\"x_MsoNormal\">Estos programas forman parte de la\u00a0<i>Estrategia Integral de Promoci\u00f3n del Voto de las Mexicanas y los Mexicanos Residentes en el Extranjero 2025\u20132027<\/i>\u00a0y tienen como objetivo informar y promover la credencializaci\u00f3n desde el exterior, en cuyo dise\u00f1o se fortalece el enfoque orientado a comunidades migrantes dispersas y con acceso limitado a medios oficiales.<\/p>\n<p class=\"x_MsoNormal\">\n<p class=\"x_MsoNormal\">Con estrategias espec\u00edficas de promoci\u00f3n y difusi\u00f3n, as\u00ed como de mecanismos de proximidad social, el INE tambi\u00e9n busca informar a distintas poblaciones sobre el registro de la di\u00e1spora en la Lista Nominal del Electorado en el Extranjero, cuyo inicio est\u00e1 previsto para el 1 de septiembre de 2026, y el ejercicio pleno del voto, con una cobertura de acciones estructuradas en cinco ejes: Difusi\u00f3n, Comunicaci\u00f3n, Vinculaci\u00f3n, Plataformas Digitales y Educaci\u00f3n Electoral.<\/p>\n<p class=\"x_MsoNormal\">\n<p class=\"x_MsoNormal\">La implementaci\u00f3n de estas acciones busca garantizar una cobertura integral de la ciudadan\u00eda residente en el extranjero, mediante la producci\u00f3n de materiales de radio y televisi\u00f3n y de alcance en territorio nacional.<\/p>\n<p class=\"x_MsoNormal\">\n<p class=\"x_MsoNormal\">De igual manera, con asistencia telef\u00f3nica y la articulaci\u00f3n de alianzas con liderazgos comunitarios, instituciones y actores con presencia en comunidades migrantes, as\u00ed como con espacios de encuentro en el extranjero, la ejecuci\u00f3n de acciones de educaci\u00f3n electoral y la producci\u00f3n de materiales\u00a0<i>transmedia<\/i>, digitales e impresos, y como complemento se har\u00e1 uso de plataformas digitales para informar a la ciudadan\u00eda en otras naciones; todo ello, conforme a la disponibilidad presupuestal.<\/p>\n<p class=\"x_MsoNormal\">\n<p class=\"x_MsoNormal\">El desarrollo, seguimiento y evaluaci\u00f3n de estas acciones se realizar\u00e1 por medio de los mecanismos establecidos en la Estrategia Integral de Promoci\u00f3n del Voto de las y los Mexicanos Residentes en el Extranjero, y sus resultados ser\u00e1n reportados a la CVMRE y al Consejo General del INE.<\/p>\n<p class=\"x_MsoNormal\">\n<p class=\"x_MsoNormal\">Cabe resaltar que estos Programas Espec\u00edficos de Trabajo no son s\u00f3lo una planeaci\u00f3n t\u00e9cnica, sino tambi\u00e9n una expresi\u00f3n concreta del compromiso del INE con una ciudadan\u00eda migrante activa, informada y plenamente integrada a la vida democr\u00e1tica del pa\u00eds.<\/p>\n","protected":false},"excerpt":{"rendered":"<p>El Instituto Nacional Electoral (INE), por medio de la Comisi\u00f3n Temporal del Voto de las y los Mexicanos Residentes en el Extranjero (CVMRE), present\u00f3 los Programas Espec\u00edficos de Trabajo de difusi\u00f3n, comunicaci\u00f3n, vinculaci\u00f3n, acciones en plataformas digitales y educaci\u00f3n electoral, a realizarse entre abril y agosto de 2026. Estos programas forman parte de la\u00a0Estrategia Integral [&hellip;]<\/p>\n","protected":false},"author":2,"featured_media":253890,"comment_status":"closed","ping_status":"closed","sticky":false,"template":"","format":"standard","meta":{"footnotes":""},"categories":[12870,12868],"tags":[12865,12879],"class_list":["post-253889","post","type-post","status-publish","format-standard","has-post-thumbnail","hentry","category-destacadas","category-politica","tag-destacadas","tag-politica"],"jetpack_featured_media_url":"https:\/\/rnoticias.com.mx\/Portal\/wp-content\/uploads\/2026\/04\/WhatsApp-Image-2026-04-24-at-3.27.27-PM.jpeg","amp_enabled":true,"_links":{"self":[{"href":"https:\/\/rnoticias.com.mx\/Portal\/wp-json\/wp\/v2\/posts\/253889","targetHints":{"allow":["GET"]}}],"collection":[{"href":"https:\/\/rnoticias.com.mx\/Portal\/wp-json\/wp\/v2\/posts"}],"about":[{"href":"https:\/\/rnoticias.com.mx\/Portal\/wp-json\/wp\/v2\/types\/post"}],"author":[{"embeddable":true,"href":"https:\/\/rnoticias.com.mx\/Portal\/wp-json\/wp\/v2\/users\/2"}],"replies":[{"embeddable":true,"href":"https:\/\/rnoticias.com.mx\/Portal\/wp-json\/wp\/v2\/comments?post=253889"}],"version-history":[{"count":1,"href":"https:\/\/rnoticias.com.mx\/Portal\/wp-json\/wp\/v2\/posts\/253889\/revisions"}],"predecessor-version":[{"id":253891,"href":"https:\/\/rnoticias.com.mx\/Portal\/wp-json\/wp\/v2\/posts\/253889\/revisions\/253891"}],"wp:featuredmedia":[{"embeddable":true,"href":"https:\/\/rnoticias.com.mx\/Portal\/wp-json\/wp\/v2\/media\/253890"}],"wp:attachment":[{"href":"https:\/\/rnoticias.com.mx\/Portal\/wp-json\/wp\/v2\/media?parent=253889"}],"wp:term":[{"taxonomy":"category","embeddable":true,"href":"https:\/\/rnoticias.com.mx\/Portal\/wp-json\/wp\/v2\/categories?post=253889"},{"taxonomy":"post_tag","embeddable":true,"href":"https:\/\/rnoticias.com.mx\/Portal\/wp-json\/wp\/v2\/tags?post=253889"}],"curies":[{"name":"wp","href":"https:\/\/api.w.org\/{rel}","templated":true}]}}