{"id":253886,"date":"2026-04-27T09:38:00","date_gmt":"2026-04-27T16:38:00","guid":{"rendered":"https:\/\/rnoticias.com.mx\/Portal\/?p=253886"},"modified":"2026-04-27T09:38:00","modified_gmt":"2026-04-27T16:38:00","slug":"resuelve-ine-improcedente-medida-cautelar-contra-un-partido-politico","status":"publish","type":"post","link":"https:\/\/rnoticias.com.mx\/Portal\/2026\/04\/27\/resuelve-ine-improcedente-medida-cautelar-contra-un-partido-politico\/","title":{"rendered":"Resuelve INE improcedente medida cautelar contra un partido pol\u00edtico"},"content":{"rendered":"<p class=\"x_MsoNormal\"><span data-olk-copy-source=\"MessageBody\">La Comisi\u00f3n de Quejas y Denuncias del Instituto Nacional Electoral (INE) resolvi\u00f3 dos medidas cautelares, una solicitada por el Partido Revolucionario Institucional (PRI) y el Presidente Municipal de Monterrey, en contra de Movimiento Ciudadano por calumnia y presunto uso indebido de la pauta, as\u00ed como otra relacionada con el proceso de reclutamiento, selecci\u00f3n y contrataci\u00f3n de las figuras de Supervisor o Supervisora Electoral (SE) y Capacitador o Capacitadora Asistente Electoral (CAE) en el marco del Proceso Electoral Local 2025-2026 en Coahuila.<\/span><\/p>\n<p class=\"x_MsoNormal\">\n<p class=\"x_MsoNormal\">En el primer asunto, el PRI y el Presidente Municipal de Monterrey presentaron queja en contra de Movimiento Ciudadano, por la difusi\u00f3n de dos promocionales denominados como \u201cMICHELLE NEXT ENERGY\u201d y \u201cENERG\u00cdA\u201d, pues consideran que transmiten propaganda pol\u00edtica con contenido calumnioso.<\/p>\n<p class=\"x_MsoNormal\">\n<p class=\"x_MsoNormal\">Al respecto, la Comisi\u00f3n de Quejas y Denuncias, por unanimidad de votos, declar\u00f3 improcedente el dictado de medidas cautelares, pues bajo la apariencia del buen derecho, se determin\u00f3 que no constituye un mensaje calumnioso en contra del PRI o del Presidente Municipal, pues de la revisi\u00f3n a su contenido, no se advierte la imputaci\u00f3n de un hecho o delito falso, sino cuestionamientos o cr\u00edticas respecto a las actividades de una empresa y la gesti\u00f3n de este \u00faltimo, lo cual est\u00e1 amparado por la libertad de expresi\u00f3n.<\/p>\n<p class=\"x_MsoNormal\">\n<p class=\"x_MsoNormal\">En cuanto al uso indebido de la pauta, el colegiado determin\u00f3 que es improcedente ordenar la suspensi\u00f3n de los promocionales, pues su contenido es de \u00edndole gen\u00e9rico, al abordar temas de inter\u00e9s p\u00fablico en el contexto del debate nacional.<\/p>\n<p class=\"x_MsoNormal\"><b><i>\u00a0<\/i><\/b><\/p>\n<p class=\"x_MsoNormal\"><b><i>Una persona no podr\u00e1 continuar como funcionaria dentro del Proceso Electoral Local 2025-2026 en Coahuila<\/i><\/b><\/p>\n<p class=\"x_MsoNormal\">\n<p class=\"x_MsoNormal\">Finalmente, la Comisi\u00f3n resolvi\u00f3 una medida cautelar derivada de un Procedimiento Ordinario Sancionador (POS) relacionada con el proceso de reclutamiento, selecci\u00f3n y contrataci\u00f3n de las figuras de Supervisor o Supervisora Electoral y Capacitador o Capacitadora Asistente Electoral para el Proceso Electoral Local 2025-2026 en Coahuila de Zaragoza, al advertirse de manera preliminar que una persona aspirante era, presumiblemente, militante del partido pol\u00edtico Morena.<\/p>\n<p class=\"x_MsoNormal\">\n<p class=\"x_MsoNormal\">En el contexto de las investigaciones preliminares, se desprende que la afiliaci\u00f3n se habr\u00eda realizado de forma voluntaria, lo que podr\u00eda comprometer los principios de imparcialidad e independencia en su actuaci\u00f3n ante el desarrollo y preparaci\u00f3n del Proceso Electoral Local en cita, por lo que se orden\u00f3 impedir su contrataci\u00f3n, y en caso de haberse celebrado el contrato correspondiente, realizar las acciones conducentes para evitar que contin\u00fae ejerciendo el cargo.<\/p>\n<p class=\"x_MsoNormal\">\n","protected":false},"excerpt":{"rendered":"<p>La Comisi\u00f3n de Quejas y Denuncias del Instituto Nacional Electoral (INE) resolvi\u00f3 dos medidas cautelares, una solicitada por el Partido Revolucionario Institucional (PRI) y el Presidente Municipal de Monterrey, en contra de Movimiento Ciudadano por calumnia y presunto uso indebido de la pauta, as\u00ed como otra relacionada con el proceso de reclutamiento, selecci\u00f3n y contrataci\u00f3n [&hellip;]<\/p>\n","protected":false},"author":2,"featured_media":253887,"comment_status":"closed","ping_status":"closed","sticky":false,"template":"","format":"standard","meta":{"footnotes":""},"categories":[12870,12868],"tags":[12865,12879],"class_list":["post-253886","post","type-post","status-publish","format-standard","has-post-thumbnail","hentry","category-destacadas","category-politica","tag-destacadas","tag-politica"],"jetpack_featured_media_url":"https:\/\/rnoticias.com.mx\/Portal\/wp-content\/uploads\/2026\/04\/WhatsApp-Image-2026-04-24-at-3.37.00-PM.jpeg","amp_enabled":true,"_links":{"self":[{"href":"https:\/\/rnoticias.com.mx\/Portal\/wp-json\/wp\/v2\/posts\/253886","targetHints":{"allow":["GET"]}}],"collection":[{"href":"https:\/\/rnoticias.com.mx\/Portal\/wp-json\/wp\/v2\/posts"}],"about":[{"href":"https:\/\/rnoticias.com.mx\/Portal\/wp-json\/wp\/v2\/types\/post"}],"author":[{"embeddable":true,"href":"https:\/\/rnoticias.com.mx\/Portal\/wp-json\/wp\/v2\/users\/2"}],"replies":[{"embeddable":true,"href":"https:\/\/rnoticias.com.mx\/Portal\/wp-json\/wp\/v2\/comments?post=253886"}],"version-history":[{"count":1,"href":"https:\/\/rnoticias.com.mx\/Portal\/wp-json\/wp\/v2\/posts\/253886\/revisions"}],"predecessor-version":[{"id":253888,"href":"https:\/\/rnoticias.com.mx\/Portal\/wp-json\/wp\/v2\/posts\/253886\/revisions\/253888"}],"wp:featuredmedia":[{"embeddable":true,"href":"https:\/\/rnoticias.com.mx\/Portal\/wp-json\/wp\/v2\/media\/253887"}],"wp:attachment":[{"href":"https:\/\/rnoticias.com.mx\/Portal\/wp-json\/wp\/v2\/media?parent=253886"}],"wp:term":[{"taxonomy":"category","embeddable":true,"href":"https:\/\/rnoticias.com.mx\/Portal\/wp-json\/wp\/v2\/categories?post=253886"},{"taxonomy":"post_tag","embeddable":true,"href":"https:\/\/rnoticias.com.mx\/Portal\/wp-json\/wp\/v2\/tags?post=253886"}],"curies":[{"name":"wp","href":"https:\/\/api.w.org\/{rel}","templated":true}]}}