{"id":251752,"date":"2026-04-08T13:14:03","date_gmt":"2026-04-08T20:14:03","guid":{"rendered":"https:\/\/rnoticias.com.mx\/Portal\/?p=251752"},"modified":"2026-04-08T13:14:03","modified_gmt":"2026-04-08T20:14:03","slug":"amnistia-internacional-pide-proteccion-de-civiles-tras-ataques-de-israel","status":"publish","type":"post","link":"https:\/\/rnoticias.com.mx\/Portal\/2026\/04\/08\/amnistia-internacional-pide-proteccion-de-civiles-tras-ataques-de-israel\/","title":{"rendered":"Amnist\u00eda Internacional pide protecci\u00f3n de civiles tras ataques de Israel"},"content":{"rendered":"<p>Amnist\u00eda Internacional (AI) hizo un llamamiento urgente para proteger a los civiles ante el aumento de muertos tras &#8220;la brutal escalada de los a<strong>taques israel\u00edes&#8221; de este mi\u00e9rcoles, que han provocado m\u00e1s de 250 muertos y 1.100 heridos.<\/strong><\/p>\n<p>La directora regional de AI para Oriente Medio y el Norte de \u00c1frica, Heba Morayef, dijo en un comunicado que &#8220;apenas unas horas despu\u00e9s de que el mundo recibiera con cautela la noticia de un alto el fuego entre Estados Unidos, Israel e Ir\u00e1n, en el L\u00edbano la\u00a0<strong>pesadilla para la poblaci\u00f3n civil se ha vuelto a\u00fan m\u00e1s aterradora&#8221;<\/strong>, al ser hoy el d\u00eda &#8220;m\u00e1s mort\u00edfero desde que comenz\u00f3&#8221; la guerra en el pa\u00eds el pasado 2 de marzo.<\/p>\n<p>&#8220;La poblaci\u00f3n civil libanesa ya est\u00e1 pagando un precio insoportable, con ni\u00f1os, trabajadores sanitarios y periodistas entre las v\u00edctimas mortales&#8221;, afirm\u00f3<strong>\u00a0la investigadora, que se\u00f1al\u00f3 que estos \u00faltimos ataques no har\u00e1n\u00a0<\/strong>sino &#8220;agravar esta devastadora tragedia humana&#8221;.<\/p>\n<p>Reiter\u00f3 la necesidad de que Israel cumpla con sus obligaciones en virtud del derecho internacional humanitario y garantice la\u00a0<strong>protecci\u00f3n de la poblaci\u00f3n civil.<\/strong><\/p>\n","protected":false},"excerpt":{"rendered":"<p>Amnist\u00eda Internacional (AI) hizo un llamamiento urgente para proteger a los civiles ante el aumento de muertos tras &#8220;la brutal escalada de los ataques israel\u00edes&#8221; de este mi\u00e9rcoles, que han provocado m\u00e1s de 250 muertos y 1.100 heridos. La directora regional de AI para Oriente Medio y el Norte de \u00c1frica, Heba Morayef, dijo en [&hellip;]<\/p>\n","protected":false},"author":2,"featured_media":251753,"comment_status":"closed","ping_status":"closed","sticky":false,"template":"","format":"standard","meta":{"footnotes":""},"categories":[12870,182],"tags":[12865,12871],"class_list":["post-251752","post","type-post","status-publish","format-standard","has-post-thumbnail","hentry","category-destacadas","category-internacional","tag-destacadas","tag-internacional"],"jetpack_featured_media_url":"https:\/\/rnoticias.com.mx\/Portal\/wp-content\/uploads\/2026\/04\/Web-IRANISRAEL-Civilians-must-be-protected-1024x576-1.webp","amp_enabled":true,"_links":{"self":[{"href":"https:\/\/rnoticias.com.mx\/Portal\/wp-json\/wp\/v2\/posts\/251752","targetHints":{"allow":["GET"]}}],"collection":[{"href":"https:\/\/rnoticias.com.mx\/Portal\/wp-json\/wp\/v2\/posts"}],"about":[{"href":"https:\/\/rnoticias.com.mx\/Portal\/wp-json\/wp\/v2\/types\/post"}],"author":[{"embeddable":true,"href":"https:\/\/rnoticias.com.mx\/Portal\/wp-json\/wp\/v2\/users\/2"}],"replies":[{"embeddable":true,"href":"https:\/\/rnoticias.com.mx\/Portal\/wp-json\/wp\/v2\/comments?post=251752"}],"version-history":[{"count":1,"href":"https:\/\/rnoticias.com.mx\/Portal\/wp-json\/wp\/v2\/posts\/251752\/revisions"}],"predecessor-version":[{"id":251754,"href":"https:\/\/rnoticias.com.mx\/Portal\/wp-json\/wp\/v2\/posts\/251752\/revisions\/251754"}],"wp:featuredmedia":[{"embeddable":true,"href":"https:\/\/rnoticias.com.mx\/Portal\/wp-json\/wp\/v2\/media\/251753"}],"wp:attachment":[{"href":"https:\/\/rnoticias.com.mx\/Portal\/wp-json\/wp\/v2\/media?parent=251752"}],"wp:term":[{"taxonomy":"category","embeddable":true,"href":"https:\/\/rnoticias.com.mx\/Portal\/wp-json\/wp\/v2\/categories?post=251752"},{"taxonomy":"post_tag","embeddable":true,"href":"https:\/\/rnoticias.com.mx\/Portal\/wp-json\/wp\/v2\/tags?post=251752"}],"curies":[{"name":"wp","href":"https:\/\/api.w.org\/{rel}","templated":true}]}}