{"id":251749,"date":"2026-04-08T13:12:19","date_gmt":"2026-04-08T20:12:19","guid":{"rendered":"https:\/\/rnoticias.com.mx\/Portal\/?p=251749"},"modified":"2026-04-08T13:12:19","modified_gmt":"2026-04-08T20:12:19","slug":"salinas-pliego-recomienda-no-registrar-celulares-con-curp-sugiere-usar-linea-extranjera","status":"publish","type":"post","link":"https:\/\/rnoticias.com.mx\/Portal\/2026\/04\/08\/salinas-pliego-recomienda-no-registrar-celulares-con-curp-sugiere-usar-linea-extranjera\/","title":{"rendered":"Salinas Pliego recomienda no registrar celulares con CURP: sugiere usar l\u00ednea extranjera"},"content":{"rendered":"<p data-end=\"532\" data-start=\"189\">El empresario mexicano\u00a0<strong data-end=\"238\" data-start=\"212\">Ricardo Salinas Pliego<\/strong>\u00a0expres\u00f3 en redes sociales su recomendaci\u00f3n de\u00a0<strong data-end=\"335\" data-start=\"285\">no registrar los tel\u00e9fonos m\u00f3viles con la CURP<\/strong>, argumentando que este registro obligatorio podr\u00eda permitir que el llamado \u201cnarco-estado\u201d tenga acceso a los datos personales de los usuarios y, seg\u00fan \u00e9l, incluso venderlos al crimen organizado.<\/p>\n<p data-end=\"924\" data-start=\"534\"><strong data-end=\"582\" data-start=\"534\">Alternativa de eSIMs y l\u00edneas extranjeras<\/strong><\/p>\n<p data-end=\"924\" data-start=\"534\">Salinas Pliego mencion\u00f3 que existen servicios de telefon\u00eda internacional, como\u00a0<strong data-end=\"673\" data-start=\"664\">eSIMs<\/strong>, que se pueden activar en M\u00e9xico, Estados Unidos y Canad\u00e1, sin necesidad de proporcionar identificaci\u00f3n oficial. Se\u00f1al\u00f3 que este proceso\u00a0<strong data-end=\"855\" data-start=\"811\">puede completarse en menos de 30 minutos<\/strong>, lo que permitir\u00eda mantener la privacidad de los datos personales.<\/p>\n<p data-end=\"1303\" data-start=\"926\"><strong data-end=\"963\" data-start=\"929\">Opini\u00f3n personal y advertencia<\/strong><\/p>\n<p data-end=\"1303\" data-start=\"926\">En su comentario, el empresario afirm\u00f3:\u00a0<strong><em data-end=\"1164\" data-start=\"1006\">\u201cNO REGISTREN SU L\u00cdNEA porque el narco-estado dictatorial los va a extorsionar y vender\u00e1 sus datos al crimen organizado y no los proteger\u00e1 de nada ni nadie\u201d<\/em>.<\/strong>\u00a0Es importante aclarar que esta declaraci\u00f3n refleja su postura personal y no corresponde a una advertencia oficial de ninguna autoridad.<\/p>\n<p data-end=\"1699\" data-start=\"1305\"><strong data-end=\"1345\" data-start=\"1308\">Consideraciones para los usuarios<\/strong><\/p>\n<p data-end=\"1699\" data-start=\"1305\">Aunque las eSIM y l\u00edneas extranjeras ofrecen una alternativa para quienes buscan privacidad, los usuarios deben evaluar aspectos como\u00a0<strong data-end=\"1537\" data-start=\"1482\">cobertura, costos y compatibilidad con dispositivos<\/strong>\u00a0antes de adoptar esta opci\u00f3n. La discusi\u00f3n sobre el registro de celulares con CURP sigue generando debate entre la poblaci\u00f3n y expertos en protecci\u00f3n de datos.<\/p>\n","protected":false},"excerpt":{"rendered":"<p>El empresario mexicano\u00a0Ricardo Salinas Pliego\u00a0expres\u00f3 en redes sociales su recomendaci\u00f3n de\u00a0no registrar los tel\u00e9fonos m\u00f3viles con la CURP, argumentando que este registro obligatorio podr\u00eda permitir que el llamado \u201cnarco-estado\u201d tenga acceso a los datos personales de los usuarios y, seg\u00fan \u00e9l, incluso venderlos al crimen organizado. Alternativa de eSIMs y l\u00edneas extranjeras Salinas Pliego mencion\u00f3 [&hellip;]<\/p>\n","protected":false},"author":2,"featured_media":251750,"comment_status":"closed","ping_status":"closed","sticky":false,"template":"","format":"standard","meta":{"footnotes":""},"categories":[12870,172],"tags":[12865,12874],"class_list":["post-251749","post","type-post","status-publish","format-standard","has-post-thumbnail","hentry","category-destacadas","category-nacional","tag-destacadas","tag-nacional"],"jetpack_featured_media_url":"https:\/\/rnoticias.com.mx\/Portal\/wp-content\/uploads\/2026\/04\/ricardo_salinas_pliego_enojado.jpg","amp_enabled":true,"_links":{"self":[{"href":"https:\/\/rnoticias.com.mx\/Portal\/wp-json\/wp\/v2\/posts\/251749","targetHints":{"allow":["GET"]}}],"collection":[{"href":"https:\/\/rnoticias.com.mx\/Portal\/wp-json\/wp\/v2\/posts"}],"about":[{"href":"https:\/\/rnoticias.com.mx\/Portal\/wp-json\/wp\/v2\/types\/post"}],"author":[{"embeddable":true,"href":"https:\/\/rnoticias.com.mx\/Portal\/wp-json\/wp\/v2\/users\/2"}],"replies":[{"embeddable":true,"href":"https:\/\/rnoticias.com.mx\/Portal\/wp-json\/wp\/v2\/comments?post=251749"}],"version-history":[{"count":1,"href":"https:\/\/rnoticias.com.mx\/Portal\/wp-json\/wp\/v2\/posts\/251749\/revisions"}],"predecessor-version":[{"id":251751,"href":"https:\/\/rnoticias.com.mx\/Portal\/wp-json\/wp\/v2\/posts\/251749\/revisions\/251751"}],"wp:featuredmedia":[{"embeddable":true,"href":"https:\/\/rnoticias.com.mx\/Portal\/wp-json\/wp\/v2\/media\/251750"}],"wp:attachment":[{"href":"https:\/\/rnoticias.com.mx\/Portal\/wp-json\/wp\/v2\/media?parent=251749"}],"wp:term":[{"taxonomy":"category","embeddable":true,"href":"https:\/\/rnoticias.com.mx\/Portal\/wp-json\/wp\/v2\/categories?post=251749"},{"taxonomy":"post_tag","embeddable":true,"href":"https:\/\/rnoticias.com.mx\/Portal\/wp-json\/wp\/v2\/tags?post=251749"}],"curies":[{"name":"wp","href":"https:\/\/api.w.org\/{rel}","templated":true}]}}