{"id":251743,"date":"2026-04-08T11:46:31","date_gmt":"2026-04-08T18:46:31","guid":{"rendered":"https:\/\/rnoticias.com.mx\/Portal\/?p=251743"},"modified":"2026-04-08T11:46:31","modified_gmt":"2026-04-08T18:46:31","slug":"reportan-que-avion-del-america-fallo-y-aterrizo-de-emergencia-en-miami","status":"publish","type":"post","link":"https:\/\/rnoticias.com.mx\/Portal\/2026\/04\/08\/reportan-que-avion-del-america-fallo-y-aterrizo-de-emergencia-en-miami\/","title":{"rendered":"Reportan que avi\u00f3n del Am\u00e9rica fall\u00f3 y aterriz\u00f3 de emergencia en Miami"},"content":{"rendered":"<p>El\u00a0<a href=\"https:\/\/www.informador.mx\/aguilas-del-america-t670\" target=\"_blank\" rel=\"noopener\"><strong>Am\u00e9rica<\/strong><\/a>\u00a0vivi\u00f3 un momento de tensi\u00f3n este mi\u00e9rcoles 8 de abril, luego de que el avi\u00f3n en el que regresaban a la Ciudad de M\u00e9xico presentara una falla mec\u00e1nica en pleno vuelo.\u00a0<mark><strong>El equipo azulcrema volv\u00eda tras su compromiso ante el Nashville SC en Estados Unidos,<\/strong><\/mark>\u00a0correspondiente a la Copa de Campeones de la Concacaf, cuando se registr\u00f3 el incidente que oblig\u00f3 a modificar su ruta original.<\/p>\n<p>De acuerdo con reportes de distintos medios deportivos, la aeronave despeg\u00f3 desde Nashville con destino a la capital mexicana; sin embargo, durante el trayecto se detect\u00f3 una anomal\u00eda t\u00e9cnica que deriv\u00f3 en el aterrizaje de emergencia en la ciudad de Miami, en Florida. Tanto jugadores como cuerpo t\u00e9cnico\u00a0<strong>llegaron sin contratiempos mayores<\/strong>, aunque\u00a0<strong>el itinerario del equipo se vio completamente alterado.<\/strong><\/p>\n<p>Seg\u00fan informaci\u00f3n difundida por R\u00e9cord y el periodista David Medrano, la situaci\u00f3n fue controlada y\u00a0<strong>no represent\u00f3 un riesgo grave para los jugadores<\/strong>.<\/p>\n<p>No obstante, el plantel del Am\u00e9rica permanece varado en territorio estadounidense mientras se reorganiza su traslado de regreso a M\u00e9xico. Se prev\u00e9 que los futbolistas vuelvan en aviones comerciales divididos en peque\u00f1os grupos, lo que podr\u00eda alterar en cierto modo su planificaci\u00f3n deportiva de cara a los pr\u00f3ximos partidos.<\/p>\n<p>&nbsp;<\/p>\n<h2>Am\u00e9rica, en un hotel de manera temporal<\/h2>\n<p>Poco despu\u00e9s de que se informara de la falla del avi\u00f3n en que viajaban a M\u00e9xico, el equipo del Am\u00e9rica public\u00f3 un breve comunicado para explicar lo ocurrido. El club indic\u00f3 que volaban en un ch\u00e1rter privado, pero que ante el reporte de una falla el\u00e9ctrica en el sistema, se determin\u00f3 aterrizar en el Aeropuerto Internacional de Miami, donde tiene su base de entrenamiento.<\/p>\n<p>Se\u00f1al\u00f3 que los futbolistas y el cuerpo t\u00e9cnico est\u00e1n en un hotel de manera temporal, pero que, sin embargo, el cambio en los planes del viaje no afecta la planeaci\u00f3n deportiva, toda vez que el d\u00eda estaba previsto como de descanso tras el partido de ayer.<\/p>\n","protected":false},"excerpt":{"rendered":"<p>El\u00a0Am\u00e9rica\u00a0vivi\u00f3 un momento de tensi\u00f3n este mi\u00e9rcoles 8 de abril, luego de que el avi\u00f3n en el que regresaban a la Ciudad de M\u00e9xico presentara una falla mec\u00e1nica en pleno vuelo.\u00a0El equipo azulcrema volv\u00eda tras su compromiso ante el Nashville SC en Estados Unidos,\u00a0correspondiente a la Copa de Campeones de la Concacaf, cuando se registr\u00f3 [&hellip;]<\/p>\n","protected":false},"author":2,"featured_media":251744,"comment_status":"closed","ping_status":"closed","sticky":false,"template":"","format":"standard","meta":{"footnotes":""},"categories":[188,12870],"tags":[5231,12865],"class_list":["post-251743","post","type-post","status-publish","format-standard","has-post-thumbnail","hentry","category-deportes","category-destacadas","tag-deportes","tag-destacadas"],"jetpack_featured_media_url":"https:\/\/rnoticias.com.mx\/Portal\/wp-content\/uploads\/2026\/04\/reportan-que-vuelo-del-america-realizo-aterrizaje-de-emergencia-1200x675-1.webp","amp_enabled":true,"_links":{"self":[{"href":"https:\/\/rnoticias.com.mx\/Portal\/wp-json\/wp\/v2\/posts\/251743","targetHints":{"allow":["GET"]}}],"collection":[{"href":"https:\/\/rnoticias.com.mx\/Portal\/wp-json\/wp\/v2\/posts"}],"about":[{"href":"https:\/\/rnoticias.com.mx\/Portal\/wp-json\/wp\/v2\/types\/post"}],"author":[{"embeddable":true,"href":"https:\/\/rnoticias.com.mx\/Portal\/wp-json\/wp\/v2\/users\/2"}],"replies":[{"embeddable":true,"href":"https:\/\/rnoticias.com.mx\/Portal\/wp-json\/wp\/v2\/comments?post=251743"}],"version-history":[{"count":1,"href":"https:\/\/rnoticias.com.mx\/Portal\/wp-json\/wp\/v2\/posts\/251743\/revisions"}],"predecessor-version":[{"id":251745,"href":"https:\/\/rnoticias.com.mx\/Portal\/wp-json\/wp\/v2\/posts\/251743\/revisions\/251745"}],"wp:featuredmedia":[{"embeddable":true,"href":"https:\/\/rnoticias.com.mx\/Portal\/wp-json\/wp\/v2\/media\/251744"}],"wp:attachment":[{"href":"https:\/\/rnoticias.com.mx\/Portal\/wp-json\/wp\/v2\/media?parent=251743"}],"wp:term":[{"taxonomy":"category","embeddable":true,"href":"https:\/\/rnoticias.com.mx\/Portal\/wp-json\/wp\/v2\/categories?post=251743"},{"taxonomy":"post_tag","embeddable":true,"href":"https:\/\/rnoticias.com.mx\/Portal\/wp-json\/wp\/v2\/tags?post=251743"}],"curies":[{"name":"wp","href":"https:\/\/api.w.org\/{rel}","templated":true}]}}