{"id":251728,"date":"2026-04-08T10:22:23","date_gmt":"2026-04-08T17:22:23","guid":{"rendered":"https:\/\/rnoticias.com.mx\/Portal\/?p=251728"},"modified":"2026-04-08T10:22:23","modified_gmt":"2026-04-08T17:22:23","slug":"estudiantes-de-conalep-sonora-destacan-en-el-first-laguna-regional-2026","status":"publish","type":"post","link":"https:\/\/rnoticias.com.mx\/Portal\/2026\/04\/08\/estudiantes-de-conalep-sonora-destacan-en-el-first-laguna-regional-2026\/","title":{"rendered":"Estudiantes de Conalep Sonora destacan en el FIRST Laguna Regional 2026"},"content":{"rendered":"<p>Torre\u00f3n, Coahuila; 8 de abril de 2026.- Con pasi\u00f3n, compromiso y una s\u00f3lida vocaci\u00f3n por la tecnolog\u00eda, el equipo Cabots del Colegio de Educaci\u00f3n Profesional T\u00e9cnica del Estado de Sonora (Conalep), plantel Caborca, particip\u00f3 en el FIRST Laguna Regional 2026, una de las competencias de rob\u00f3tica m\u00e1s destacadas del pa\u00eds, logrando posicionarse en el lugar 23 de 46 equipos participantes.<\/p>\n<p>Respaldado por la Minera Fresnillo plc, este equipo estuvo conformado por estudiantes de las carreras t\u00e9cnicas de Electromec\u00e1nica, Inform\u00e1tica y Asistente Directivo, quienes aplicaron sus conocimientos en un entorno de alta exigencia tecnol\u00f3gica.<\/p>\n<p>La directora general de Conalep Sonora, Luisa Cristina Rodr\u00edguez Ibarra, felicit\u00f3 a Jos\u00e9 Bernardo Rodr\u00edguez Ruelas, Mario Fernando Arvizu Flores, Zahid Carrillo Ruiz, Rafael Mart\u00ednez Valenzuela, Yamileth Olgu\u00edn, Kevin Junior Rodr\u00edguez Gonz\u00e1lez, Yeimy Elizabeth Rodr\u00edguez Gonz\u00e1lez, por su esfuerzo y dedicaci\u00f3n.<\/p>\n<p>A lo largo de la competencia, los alumnos se mantuvieron en constante actividad, afinando el funcionamiento de su robot, ajustando estrategias y fortaleciendo la coordinaci\u00f3n entre sus integrantes, reflejando compromiso, colaboraci\u00f3n y habilidades para la soluci\u00f3n de problemas.<\/p>\n<p>El equipo Cabots, creado en 2018, se ha consolidado como un referente en la formaci\u00f3n de j\u00f3venes en \u00e1reas STEM (Ciencia, Tecnolog\u00eda, Ingenier\u00eda y Matem\u00e1ticas), promoviendo tanto el desarrollo t\u00e9cnico como el crecimiento personal de sus integrantes.<\/p>\n<p>Con determinaci\u00f3n y entusiasmo, el equipo Cabots contin\u00faa prepar\u00e1ndose para futuros retos en el \u00e1mbito de la rob\u00f3tica, como parte del impulso del gobernador Alfonso Durazo al fortalecimiento de la educaci\u00f3n y el desarrollo tecnol\u00f3gico en la entidad, generando mayores oportunidades para las y los j\u00f3venes sonorenses.<\/p>\n","protected":false},"excerpt":{"rendered":"<p>Torre\u00f3n, Coahuila; 8 de abril de 2026.- Con pasi\u00f3n, compromiso y una s\u00f3lida vocaci\u00f3n por la tecnolog\u00eda, el equipo Cabots del Colegio de Educaci\u00f3n Profesional T\u00e9cnica del Estado de Sonora (Conalep), plantel Caborca, particip\u00f3 en el FIRST Laguna Regional 2026, una de las competencias de rob\u00f3tica m\u00e1s destacadas del pa\u00eds, logrando posicionarse en el lugar [&hellip;]<\/p>\n","protected":false},"author":2,"featured_media":251729,"comment_status":"closed","ping_status":"closed","sticky":false,"template":"","format":"standard","meta":{"footnotes":""},"categories":[12870,178],"tags":[12865,12869],"class_list":["post-251728","post","type-post","status-publish","format-standard","has-post-thumbnail","hentry","category-destacadas","category-local","tag-destacadas","tag-local"],"jetpack_featured_media_url":"https:\/\/rnoticias.com.mx\/Portal\/wp-content\/uploads\/2026\/04\/unnamed-13.jpg","amp_enabled":true,"_links":{"self":[{"href":"https:\/\/rnoticias.com.mx\/Portal\/wp-json\/wp\/v2\/posts\/251728","targetHints":{"allow":["GET"]}}],"collection":[{"href":"https:\/\/rnoticias.com.mx\/Portal\/wp-json\/wp\/v2\/posts"}],"about":[{"href":"https:\/\/rnoticias.com.mx\/Portal\/wp-json\/wp\/v2\/types\/post"}],"author":[{"embeddable":true,"href":"https:\/\/rnoticias.com.mx\/Portal\/wp-json\/wp\/v2\/users\/2"}],"replies":[{"embeddable":true,"href":"https:\/\/rnoticias.com.mx\/Portal\/wp-json\/wp\/v2\/comments?post=251728"}],"version-history":[{"count":1,"href":"https:\/\/rnoticias.com.mx\/Portal\/wp-json\/wp\/v2\/posts\/251728\/revisions"}],"predecessor-version":[{"id":251730,"href":"https:\/\/rnoticias.com.mx\/Portal\/wp-json\/wp\/v2\/posts\/251728\/revisions\/251730"}],"wp:featuredmedia":[{"embeddable":true,"href":"https:\/\/rnoticias.com.mx\/Portal\/wp-json\/wp\/v2\/media\/251729"}],"wp:attachment":[{"href":"https:\/\/rnoticias.com.mx\/Portal\/wp-json\/wp\/v2\/media?parent=251728"}],"wp:term":[{"taxonomy":"category","embeddable":true,"href":"https:\/\/rnoticias.com.mx\/Portal\/wp-json\/wp\/v2\/categories?post=251728"},{"taxonomy":"post_tag","embeddable":true,"href":"https:\/\/rnoticias.com.mx\/Portal\/wp-json\/wp\/v2\/tags?post=251728"}],"curies":[{"name":"wp","href":"https:\/\/api.w.org\/{rel}","templated":true}]}}