{"id":251711,"date":"2026-04-08T09:22:00","date_gmt":"2026-04-08T16:22:00","guid":{"rendered":"https:\/\/rnoticias.com.mx\/Portal\/?p=251711"},"modified":"2026-04-08T09:22:00","modified_gmt":"2026-04-08T16:22:00","slug":"papa-leon-xiv-reacciona-a-la-tregua-de-dos-semanas-de-guerra-en-iran","status":"publish","type":"post","link":"https:\/\/rnoticias.com.mx\/Portal\/2026\/04\/08\/papa-leon-xiv-reacciona-a-la-tregua-de-dos-semanas-de-guerra-en-iran\/","title":{"rendered":"Papa Le\u00f3n XIV reacciona a la tregua de dos semanas de guerra en Ir\u00e1n"},"content":{"rendered":"<p>Este mi\u00e9rcoles, el Papa Le\u00f3n XIV reaccion\u00f3 al anuncio de una tregua de dos semanas en el conflicto b\u00e9lico en Ir\u00e1n, iniciado por un ataque coordinado entre Estados Unidos e Israel en contra de la residencia del hasta entonces l\u00edder supremo, Al\u00ed Jamenei, el 28 de febrero pasado.<\/p>\n<p><mark><strong>En un mensaje final a la audiencia celebrada en la Plaza de San Pedro, el Pont\u00edfice acogi\u00f3 el anuncio con &#8220;satisfacci\u00f3n&#8221; y &#8220;esperanza&#8221; y observ\u00f3 que &#8220;s\u00f3lo con las negociaciones se puede poner fin a la guerra&#8221;.<\/strong><\/mark><\/p>\n<p>&#8220;En estas \u00faltimas horas de gran tensi\u00f3n en Medio Oriente y en todo el mundo, acojo con satisfacci\u00f3n y como se\u00f1al de viva esperanza el anuncio de una tregua inmediata de dos semanas&#8221;, dijo.<\/p>\n<p>Y afirm\u00f3 que &#8220;s\u00f3lo mediante el retorno a la negociaci\u00f3n se puede llegar al fin de la guerra&#8221;.<\/p>\n<p><strong>&#8220;Los exhorto a acompa\u00f1ar este tiempo de delicado trabajo diplom\u00e1tico con la oraci\u00f3n, deseando que la disposici\u00f3n al di\u00e1logo pueda convertirse en el instrumento para resolver las dem\u00e1s situaciones de conflicto en el mundo&#8221;<\/strong>, agreg\u00f3.<\/p>\n<p>El Pont\u00edfice estadounidense renov\u00f3 tambi\u00e9n su invitaci\u00f3n a los fieles a unirse a la vigilia de oraci\u00f3n por la paz que convoc\u00f3 para el s\u00e1bado 11 de abril.<\/p>\n<p>&nbsp;<\/p>\n<h2>Le\u00f3n XIV considera inaceptable la amenaza de Trump contra Ir\u00e1n<\/h2>\n<p>Le\u00f3n XIV calific\u00f3 el martes de inaceptable la amenaza del presidente de Estados Unidos, Donald Trump, contra Ir\u00e1n.<\/p>\n<p><strong>&#8220;Aqu\u00ed hay cuestiones ciertamente de derecho internacional, pero es mucho m\u00e1s una cuesti\u00f3n moral por el bien del pueblo, completo e \u00edntegro&#8221;<\/strong>, dijo el Papa en declaraciones a los medios en la localidad de Castelgandolfo.<\/p>\n<p>Algunas horas despu\u00e9s, Trump anunci\u00f3 un cese temporal de hostilidades de dos semanas con Ir\u00e1n, durante las cuales\u00a0<strong>ambas partes negociar\u00e1n en Pakist\u00e1n un posible acuerdo de paz basado en una propuesta de diez puntos presentada por Teher\u00e1n.<\/strong><\/p>\n","protected":false},"excerpt":{"rendered":"<p>Este mi\u00e9rcoles, el Papa Le\u00f3n XIV reaccion\u00f3 al anuncio de una tregua de dos semanas en el conflicto b\u00e9lico en Ir\u00e1n, iniciado por un ataque coordinado entre Estados Unidos e Israel en contra de la residencia del hasta entonces l\u00edder supremo, Al\u00ed Jamenei, el 28 de febrero pasado. En un mensaje final a la audiencia [&hellip;]<\/p>\n","protected":false},"author":2,"featured_media":251712,"comment_status":"closed","ping_status":"closed","sticky":false,"template":"","format":"standard","meta":{"footnotes":""},"categories":[12870,182],"tags":[12865,12871],"class_list":["post-251711","post","type-post","status-publish","format-standard","has-post-thumbnail","hentry","category-destacadas","category-internacional","tag-destacadas","tag-internacional"],"jetpack_featured_media_url":"https:\/\/rnoticias.com.mx\/Portal\/wp-content\/uploads\/2026\/04\/992.jpg","amp_enabled":true,"_links":{"self":[{"href":"https:\/\/rnoticias.com.mx\/Portal\/wp-json\/wp\/v2\/posts\/251711","targetHints":{"allow":["GET"]}}],"collection":[{"href":"https:\/\/rnoticias.com.mx\/Portal\/wp-json\/wp\/v2\/posts"}],"about":[{"href":"https:\/\/rnoticias.com.mx\/Portal\/wp-json\/wp\/v2\/types\/post"}],"author":[{"embeddable":true,"href":"https:\/\/rnoticias.com.mx\/Portal\/wp-json\/wp\/v2\/users\/2"}],"replies":[{"embeddable":true,"href":"https:\/\/rnoticias.com.mx\/Portal\/wp-json\/wp\/v2\/comments?post=251711"}],"version-history":[{"count":1,"href":"https:\/\/rnoticias.com.mx\/Portal\/wp-json\/wp\/v2\/posts\/251711\/revisions"}],"predecessor-version":[{"id":251713,"href":"https:\/\/rnoticias.com.mx\/Portal\/wp-json\/wp\/v2\/posts\/251711\/revisions\/251713"}],"wp:featuredmedia":[{"embeddable":true,"href":"https:\/\/rnoticias.com.mx\/Portal\/wp-json\/wp\/v2\/media\/251712"}],"wp:attachment":[{"href":"https:\/\/rnoticias.com.mx\/Portal\/wp-json\/wp\/v2\/media?parent=251711"}],"wp:term":[{"taxonomy":"category","embeddable":true,"href":"https:\/\/rnoticias.com.mx\/Portal\/wp-json\/wp\/v2\/categories?post=251711"},{"taxonomy":"post_tag","embeddable":true,"href":"https:\/\/rnoticias.com.mx\/Portal\/wp-json\/wp\/v2\/tags?post=251711"}],"curies":[{"name":"wp","href":"https:\/\/api.w.org\/{rel}","templated":true}]}}