{"id":251595,"date":"2026-04-07T13:13:39","date_gmt":"2026-04-07T20:13:39","guid":{"rendered":"https:\/\/rnoticias.com.mx\/Portal\/?p=251595"},"modified":"2026-04-07T13:13:39","modified_gmt":"2026-04-07T20:13:39","slug":"denuncian-falta-de-cuidados-y-maltratos-contra-migrantes-embarazadas-detenidas-en-ee-uu","status":"publish","type":"post","link":"https:\/\/rnoticias.com.mx\/Portal\/2026\/04\/07\/denuncian-falta-de-cuidados-y-maltratos-contra-migrantes-embarazadas-detenidas-en-ee-uu\/","title":{"rendered":"Denuncian falta de cuidados y maltratos contra migrantes embarazadas detenidas en EE.UU."},"content":{"rendered":"<p>El Gobierno de\u00a0<strong>Donald Trump<\/strong>\u00a0est\u00e1 deteniendo a\u00a0<strong>migrantes<\/strong>\u00a0<strong>embarazadas<\/strong>, pese a directrices que proh\u00edben esta pr\u00e1ctica, y someti\u00e9ndolas a\u00a0<strong>malos tratos<\/strong>\u00a0y\u00a0<strong>falta<\/strong>\u00a0de acceso a\u00a0<strong>cuidados m\u00e9dicos b\u00e1sicos<\/strong>, denunciaron varias organizaciones en defensa de los derechos humanos.<\/p>\n<p>Las autoridades, a su vez, est\u00e1n enviando a\u00a0<strong>migrantes menores de edad<\/strong>\u00a0que est\u00e1n\u00a0<strong>embarazadas<\/strong>, muchas a causa de\u00a0<strong>violaciones<\/strong>\u00a0en albergues de\u00a0<strong>Texas<\/strong>, donde se proh\u00edbe el aborto en la mayor\u00eda de los casos, de acuerdo con los activistas.<\/p>\n<p>Las denuncias llegan en un momento en el que el Gobierno actual mantiene un n\u00famero r\u00e9cord de migrantes en detenci\u00f3n, con casi 70 mil personas en estos centros en el mes de febrero, seg\u00fan datos del centro TRAC de la Universidad de Syracuse.<\/p>\n<p>Jes\u00fas Gonz\u00e1lez, trabajador social de la organizaci\u00f3n Florence Immigrant and Refugee Rights Project, en Arizona, asegur\u00f3 en una llamada con reporteros que las mujeres embarazadas retenidas en el centro de detenci\u00f3n Eloy, a las afueras de Tucson, no obtienen el cuidado m\u00e9dico necesario.<\/p>\n<p>Gonz\u00e1lez tambi\u00e9n relat\u00f3 el caso de Esther, una migrante de la regi\u00f3n central de \u00c1frica, que qued\u00f3 embarazada despu\u00e9s de una violaci\u00f3n tras un secuestro mientras esperaba en M\u00e9xico por una cita para pedir asilo en EE.UU.<\/p>\n<p>En territorio estadounidense, pas\u00f3 a detenci\u00f3n de las autoridades migratorias y durante ese periodo no recibi\u00f3 \u201cning\u00fan tipo de cuidado m\u00e9dico, salvo vitaminas prenatales\u201d.<\/p>\n<p>Lupe Rodr\u00edguez, directora ejecutiva de la organizaci\u00f3n National Latina Institute for Reproductive Justice, por su parte, cont\u00f3 que a principios de este a\u00f1o, su organizaci\u00f3n recibi\u00f3 una denuncia de una migrante detenida que, pese a que ten\u00eda un embarazo de alto riesgo, no recibi\u00f3 cuidado m\u00e9dico por cuatro meses y fue forzada a \u201cdormir en suelo y pasar hambre\u201d.<\/p>\n<p>Seg\u00fan las propias directrices del Servicio de Inmigraci\u00f3n y Aduanas (ICE) de Estados Unidos, el\u00a0<strong>Gobierno no deber\u00eda<\/strong>\u00a0\u201c<strong>detener<\/strong>\u00a0ni\u00a0<strong>arrestar<\/strong>\u201d a\u00a0<strong>personas<\/strong>\u00a0<strong>embarazadas<\/strong>, en periodo de posparto o en lactancia, salvo en circunstancias excepcionales.<\/p>\n<p>Sin embargo, entre enero de 2025 y febrero de este a\u00f1o, las autoridades detuvieron a 498 personas en estas condiciones en centros de detenci\u00f3n para migrantes, de acuerdo con datos entregados por el Departamento de Seguridad Nacional a la senadora Patty Murray.<\/p>\n<h2>\u00a0Impedir abortos<\/h2>\n<p>Yvonne Rodr\u00edguez, directora de la organizaci\u00f3n Reproductive Freedom For All, hizo eco de un reporte publicado en el medio local\u00a0<em>The Texas Newsroom<\/em>, donde se denuncia que el Gobierno traslad\u00f3 a m\u00e1s de una docena de migrantes\u00a0<strong>menores de edad<\/strong>\u00a0embarazadas a un\u00a0<strong>albergue<\/strong>\u00a0al sur de\u00a0<strong>Texas<\/strong>, donde el\u00a0<strong>aborto<\/strong>\u00a0est\u00e1\u00a0<strong>prohibido<\/strong>.<\/p>\n<p>La mitad de las\u00a0<strong>menores de edad<\/strong>, resalt\u00f3 el medio local, quedaron\u00a0<strong>embarazadas<\/strong>\u00a0tras\u00a0<strong>abusos<\/strong>\u00a0<strong>sexuales<\/strong>.<\/p>\n<p>Esta pr\u00e1ctica, explic\u00f3 Brigitte Amiri, abogada de la Uni\u00f3n Estadounidense de Libertades Civiles (ACLU), representa un cambio frente a las pr\u00e1cticas adoptadas por el Gobierno anterior que, para cumplir con una orden judicial, buscaba colocar a las menores embarazadas en albergues donde el aborto fuera legal.<\/p>\n<p>\u201cLas j\u00f3venes que llegan a EE.UU. en busca de seguridad deben ser tratados con respeto y dignidad, y la administraci\u00f3n de Trump no deber\u00eda politizar su atenci\u00f3n m\u00e9dica\u201d, se\u00f1al\u00f3 Amiri en la llamada.<\/p>\n<p>Con informaci\u00f3n de EFE<\/p>\n","protected":false},"excerpt":{"rendered":"<p>El Gobierno de\u00a0Donald Trump\u00a0est\u00e1 deteniendo a\u00a0migrantes\u00a0embarazadas, pese a directrices que proh\u00edben esta pr\u00e1ctica, y someti\u00e9ndolas a\u00a0malos tratos\u00a0y\u00a0falta\u00a0de acceso a\u00a0cuidados m\u00e9dicos b\u00e1sicos, denunciaron varias organizaciones en defensa de los derechos humanos. Las autoridades, a su vez, est\u00e1n enviando a\u00a0migrantes menores de edad\u00a0que est\u00e1n\u00a0embarazadas, muchas a causa de\u00a0violaciones\u00a0en albergues de\u00a0Texas, donde se proh\u00edbe el aborto en la [&hellip;]<\/p>\n","protected":false},"author":2,"featured_media":251596,"comment_status":"closed","ping_status":"closed","sticky":false,"template":"","format":"standard","meta":{"footnotes":""},"categories":[182],"tags":[12871],"class_list":["post-251595","post","type-post","status-publish","format-standard","has-post-thumbnail","hentry","category-internacional","tag-internacional"],"jetpack_featured_media_url":"https:\/\/rnoticias.com.mx\/Portal\/wp-content\/uploads\/2026\/04\/denuncian-falta-de-cuidados-y-maltratos-contra-migrantes-embarazadas-detenidas-e-20260402-185236-ZYvV-1200x675-1.webp","amp_enabled":true,"_links":{"self":[{"href":"https:\/\/rnoticias.com.mx\/Portal\/wp-json\/wp\/v2\/posts\/251595","targetHints":{"allow":["GET"]}}],"collection":[{"href":"https:\/\/rnoticias.com.mx\/Portal\/wp-json\/wp\/v2\/posts"}],"about":[{"href":"https:\/\/rnoticias.com.mx\/Portal\/wp-json\/wp\/v2\/types\/post"}],"author":[{"embeddable":true,"href":"https:\/\/rnoticias.com.mx\/Portal\/wp-json\/wp\/v2\/users\/2"}],"replies":[{"embeddable":true,"href":"https:\/\/rnoticias.com.mx\/Portal\/wp-json\/wp\/v2\/comments?post=251595"}],"version-history":[{"count":1,"href":"https:\/\/rnoticias.com.mx\/Portal\/wp-json\/wp\/v2\/posts\/251595\/revisions"}],"predecessor-version":[{"id":251597,"href":"https:\/\/rnoticias.com.mx\/Portal\/wp-json\/wp\/v2\/posts\/251595\/revisions\/251597"}],"wp:featuredmedia":[{"embeddable":true,"href":"https:\/\/rnoticias.com.mx\/Portal\/wp-json\/wp\/v2\/media\/251596"}],"wp:attachment":[{"href":"https:\/\/rnoticias.com.mx\/Portal\/wp-json\/wp\/v2\/media?parent=251595"}],"wp:term":[{"taxonomy":"category","embeddable":true,"href":"https:\/\/rnoticias.com.mx\/Portal\/wp-json\/wp\/v2\/categories?post=251595"},{"taxonomy":"post_tag","embeddable":true,"href":"https:\/\/rnoticias.com.mx\/Portal\/wp-json\/wp\/v2\/tags?post=251595"}],"curies":[{"name":"wp","href":"https:\/\/api.w.org\/{rel}","templated":true}]}}