{"id":251577,"date":"2026-04-07T12:55:38","date_gmt":"2026-04-07T19:55:38","guid":{"rendered":"https:\/\/rnoticias.com.mx\/Portal\/?p=251577"},"modified":"2026-04-07T12:55:38","modified_gmt":"2026-04-07T19:55:38","slug":"floyd-mayweather-pone-en-duda-su-revancha-contra-manny-pacquiao-todavia-se-confirma-sede","status":"publish","type":"post","link":"https:\/\/rnoticias.com.mx\/Portal\/2026\/04\/07\/floyd-mayweather-pone-en-duda-su-revancha-contra-manny-pacquiao-todavia-se-confirma-sede\/","title":{"rendered":"Floyd Mayweather pone en duda su revancha contra Manny Pacquiao; todav\u00eda se confirma sede"},"content":{"rendered":"<p dir=\"ltr\">A finales de febrero Netflix\u00a0confirm\u00f3 la revancha\u00a0entre\u00a0<strong dir=\"ltr\">Floyd Mayweather<\/strong>\u00a0y\u00a0<strong dir=\"ltr\">Manny Pacquiao<\/strong>\u00a0en\u00a0<em dir=\"ltr\">The Sphere<\/em>\u00a0de Las Vegas, el pr\u00f3ximo 19 de sepriembre. Al principio la pelea estaba pactada para ser de car\u00e1cter profesional; sin embargo, el ex pugilista estadunidense puso en duda si la contienda se llevar\u00e1 a cabo como estaba planeada.<\/p>\n<p dir=\"ltr\">En entrevista con\u00a0<em dir=\"ltr\">Vegas Sports Today<\/em>,\u00a0<em dir=\"ltr\">Money<\/em>\u00a0<strong dir=\"ltr\">sembr\u00f3 dudas<\/strong>\u00a0explicando que, en realidad, la revancha se tratar\u00eda de una exhibici\u00f3n, y que la revancha no ser\u00eda en la Esfera.<\/p>\n<blockquote><p>\u201cA d\u00eda de hoy, no<strong dir=\"ltr\">\u00a0sabemos exactamente d\u00f3nde tendr\u00e1 lugar la pelea<\/strong>. Desconocemos la ubicaci\u00f3n del combate.\u00a0<em dir=\"ltr\">The Sphere<\/em>\u00a0es uno de los lugares que se mencionaron; por lo tanto, no tenemos la certeza absoluta de que vaya a celebrarse all\u00ed. Adem\u00e1s,\u00a0<strong dir=\"ltr\">esto no es un combate propiamente dicho, sino una exhibici\u00f3n<\/strong>\u201c, asegur\u00f3.<\/p><\/blockquote>\n<blockquote><p>\u201c<strong dir=\"ltr\">Es una exhibici\u00f3n, as\u00ed que ambos salimos ganando<\/strong>. En realidad, lo \u00fanico que queremos es salir al cuadril\u00e1tero, entretener al p\u00fablico y ofrecer un buen espect\u00e1culo\u201d.<\/p><\/blockquote>\n<p dir=\"ltr\">El equipo de Pacquiao declar\u00f3 a\u00a0<em dir=\"ltr\">ESPN<\/em>\u00a0meses atr\u00e1s que\u00a0<em dir=\"ltr\">Pac Man<\/em>\u00a0se enfrentar\u00eda a Maywheater, siempre y cuando fuese un combate profesional.<\/p>\n<p dir=\"ltr\">Adem\u00e1s de sus declaraciones, Mayweather aument\u00f3 m\u00e1s la duda porque no hace mucho confirm\u00f3\u00a0<strong dir=\"ltr\">una exhibici\u00f3n con el kickboxer Mike Zambidis<\/strong>\u00a0para el pr\u00f3ximo mes de junio en Atenas, Grecia, pero tampoco se ha revelado fecha y ubicaci\u00f3n de la pelea.<\/p>\n<p>La revancha de la considerada Pelea del Siglo estaba pactada para el pr\u00f3ximo 19 de septiembre en Las Vegas; y estar\u00eda en juego el r\u00e9cord invicto de 50-0 de Mayweather.<\/p>\n<p dir=\"ltr\">\u201cLos aficionados han esperado lo suficiente, se merecen esta revancha, y ahora ser\u00e1 a\u00fan m\u00e1s grande\u201d, dijo Pacquiao cuando se anunci\u00f3 la revancha,<\/p>\n<p dir=\"ltr\"><em>Con informaci\u00f3n de Milenio<\/em><\/p>\n","protected":false},"excerpt":{"rendered":"<p>A finales de febrero Netflix\u00a0confirm\u00f3 la revancha\u00a0entre\u00a0Floyd Mayweather\u00a0y\u00a0Manny Pacquiao\u00a0en\u00a0The Sphere\u00a0de Las Vegas, el pr\u00f3ximo 19 de sepriembre. Al principio la pelea estaba pactada para ser de car\u00e1cter profesional; sin embargo, el ex pugilista estadunidense puso en duda si la contienda se llevar\u00e1 a cabo como estaba planeada. En entrevista con\u00a0Vegas Sports Today,\u00a0Money\u00a0sembr\u00f3 dudas\u00a0explicando que, en [&hellip;]<\/p>\n","protected":false},"author":2,"featured_media":251578,"comment_status":"closed","ping_status":"closed","sticky":false,"template":"","format":"standard","meta":{"footnotes":""},"categories":[188,12870],"tags":[5231,12865],"class_list":["post-251577","post","type-post","status-publish","format-standard","has-post-thumbnail","hentry","category-deportes","category-destacadas","tag-deportes","tag-destacadas"],"jetpack_featured_media_url":"https:\/\/rnoticias.com.mx\/Portal\/wp-content\/uploads\/2026\/04\/AA1ZFQOA.webp","amp_enabled":true,"_links":{"self":[{"href":"https:\/\/rnoticias.com.mx\/Portal\/wp-json\/wp\/v2\/posts\/251577","targetHints":{"allow":["GET"]}}],"collection":[{"href":"https:\/\/rnoticias.com.mx\/Portal\/wp-json\/wp\/v2\/posts"}],"about":[{"href":"https:\/\/rnoticias.com.mx\/Portal\/wp-json\/wp\/v2\/types\/post"}],"author":[{"embeddable":true,"href":"https:\/\/rnoticias.com.mx\/Portal\/wp-json\/wp\/v2\/users\/2"}],"replies":[{"embeddable":true,"href":"https:\/\/rnoticias.com.mx\/Portal\/wp-json\/wp\/v2\/comments?post=251577"}],"version-history":[{"count":1,"href":"https:\/\/rnoticias.com.mx\/Portal\/wp-json\/wp\/v2\/posts\/251577\/revisions"}],"predecessor-version":[{"id":251579,"href":"https:\/\/rnoticias.com.mx\/Portal\/wp-json\/wp\/v2\/posts\/251577\/revisions\/251579"}],"wp:featuredmedia":[{"embeddable":true,"href":"https:\/\/rnoticias.com.mx\/Portal\/wp-json\/wp\/v2\/media\/251578"}],"wp:attachment":[{"href":"https:\/\/rnoticias.com.mx\/Portal\/wp-json\/wp\/v2\/media?parent=251577"}],"wp:term":[{"taxonomy":"category","embeddable":true,"href":"https:\/\/rnoticias.com.mx\/Portal\/wp-json\/wp\/v2\/categories?post=251577"},{"taxonomy":"post_tag","embeddable":true,"href":"https:\/\/rnoticias.com.mx\/Portal\/wp-json\/wp\/v2\/tags?post=251577"}],"curies":[{"name":"wp","href":"https:\/\/api.w.org\/{rel}","templated":true}]}}