{"id":251295,"date":"2026-04-01T20:47:45","date_gmt":"2026-04-02T03:47:45","guid":{"rendered":"https:\/\/rnoticias.com.mx\/Portal\/?p=251295"},"modified":"2026-04-01T20:47:45","modified_gmt":"2026-04-02T03:47:45","slug":"mujeres-funcionarias-del-ine-urgen-a-frenar-la-violencia-politica-digital-y-el-acoso-en-redes-sociales","status":"publish","type":"post","link":"https:\/\/rnoticias.com.mx\/Portal\/2026\/04\/01\/mujeres-funcionarias-del-ine-urgen-a-frenar-la-violencia-politica-digital-y-el-acoso-en-redes-sociales\/","title":{"rendered":"Mujeres funcionarias del INE urgen a frenar la violencia pol\u00edtica digital y el acoso en redes sociales"},"content":{"rendered":"<p class=\"x_MsoNormal\"><span data-olk-copy-source=\"MessageBody\">El \u201cPanel 4: La experiencia de las mujeres en las redes y la funci\u00f3n electoral\u201d, organizado por el Instituto Nacional Electoral (INE), se convirti\u00f3 en un espacio de an\u00e1lisis estrat\u00e9gico, donde las participantes coincidieron un\u00e1nimemente en que la violencia digital no es un fen\u00f3meno aislado ni un\u00a0<i>costo inevitable<\/i>\u00a0del cargo p\u00fablico, sino una estrategia orquestada de desinformaci\u00f3n y desprestigio, que podr\u00eda debilitar la integridad de la democracia y la confianza ciudadana en la autoridad electoral.<\/span><\/p>\n<p class=\"x_MsoNormal\">\n<p class=\"x_MsoNormal\">Las especialistas destacaron que la Violencia Pol\u00edtica contra las Mujeres en Raz\u00f3n de G\u00e9nero (VPMRG), en entornos virtuales, se manifiesta por medio de la exposici\u00f3n de datos personales, cuestionamientos a la capacidad profesional basados en estereotipos y campa\u00f1as de odio que afectan la salud emocional y el honor de las funcionarias.<\/p>\n<p class=\"x_MsoNormal\">\n<p class=\"x_MsoNormal\">Ante este panorama, subrayaron la urgencia de transitar de la tolerancia a la acci\u00f3n institucional, fortaleciendo la alfabetizaci\u00f3n digital de la ciudadan\u00eda y consolidando redes de apoyo que garanticen que los espacios digitales sean herramientas de transparencia y no agresiones de descalificaci\u00f3n.<\/p>\n<p class=\"x_MsoNormal\">\n<p class=\"x_MsoNormal\">La Vocal Ejecutiva de la Junta Local Ejecutiva del INE en Colima, Ana Margarita Torres Arreola, propuso fortalecer el respaldo institucional mediante un acompa\u00f1amiento integral que no s\u00f3lo sea jur\u00eddico, sino tambi\u00e9n psicol\u00f3gico y tecnol\u00f3gico, al enfatizar que la formaci\u00f3n continua debe alcanzar tanto al personal electoral como a los actores pol\u00edticos para normalizar que la red no sea \u201ctierra de nadie\u201d.<\/p>\n<p class=\"x_MsoNormal\">\n<p class=\"x_MsoNormal\">Ver\u00f3nica Sandoval Casta\u00f1eda, Vocal Ejecutiva de la Junta Local Ejecutiva del INE en Sonora, alert\u00f3 a su vez sobre la p\u00e9rdida de valores sociales y la urgencia de definir un plan de acci\u00f3n o protocolo espec\u00edfico, de cara al proceso electoral del 2027, en el cual se debe apostar por la educaci\u00f3n desde el hogar y las escuelas, para que las juventudes aprendan a identificar algoritmos y noticias falsas.<\/p>\n<p class=\"x_MsoNormal\">\n<p class=\"x_MsoNormal\">La Vocal Ejecutiva de la Junta Local Ejecutiva del INE en Hidalgo, Ma del Refugio Garc\u00eda L\u00f3pez resalt\u00f3 la necesidad de una actualizaci\u00f3n normativa que visibilice que las funcionarias electorales \u2014y no s\u00f3lo las candidatas\u2014 son v\u00edctimas de violencia digital, a fin de exigir que la libertad de expresi\u00f3n no sea utilizada como un escudo para imputar delitos o difamar sin pruebas el prestigio profesional de las mujeres.<\/p>\n<p class=\"x_MsoNormal\">\n<p class=\"x_MsoNormal\">Flor Denisse P\u00e9rez Ch\u00e1vez, Vocal Ejecutiva de la Junta Local Ejecutiva del INE en Chiapas, enfatiz\u00f3, por su parte, que la gobernanza electoral debe adaptarse a las nuevas tecnolog\u00edas, mediante marcos constitucionales que garanticen espacios seguros, y asever\u00f3 que la democracia mexicana no estar\u00e1 completa mientras persistan barreras digitales que cuestionen la capacidad de las mujeres mediante roles y mandatos de g\u00e9nero.<\/p>\n<p class=\"x_MsoNormal\">\n<p class=\"x_MsoNormal\">En el marco de las actividades encaminadas a la erradicaci\u00f3n de la VPMRG, Ana Lilia P\u00e9rez Mendoza, Vocal Ejecutiva de la Junta Local Ejecutiva del INE en Guanajuato, quien fungi\u00f3 como moderadora del \u201cPanel 4: La experiencia de las mujeres en las redes y la funci\u00f3n electoral\u201d, enumer\u00f3 los ejes tem\u00e1ticos de este evento: Desaf\u00edos y riesgos de las manifestaciones de violencia pol\u00edtica digital, Aprendizajes y estrategias desde las Juntas Locales Ejecutivas y Promoci\u00f3n de entornos digitales seguros.<\/p>\n<p class=\"x_MsoNormal\"><b>\u00a0<\/b><\/p>\n","protected":false},"excerpt":{"rendered":"<p>El \u201cPanel 4: La experiencia de las mujeres en las redes y la funci\u00f3n electoral\u201d, organizado por el Instituto Nacional Electoral (INE), se convirti\u00f3 en un espacio de an\u00e1lisis estrat\u00e9gico, donde las participantes coincidieron un\u00e1nimemente en que la violencia digital no es un fen\u00f3meno aislado ni un\u00a0costo inevitable\u00a0del cargo p\u00fablico, sino una estrategia orquestada de [&hellip;]<\/p>\n","protected":false},"author":2,"featured_media":251296,"comment_status":"closed","ping_status":"closed","sticky":false,"template":"","format":"standard","meta":{"footnotes":""},"categories":[12868],"tags":[12879],"class_list":["post-251295","post","type-post","status-publish","format-standard","has-post-thumbnail","hentry","category-politica","tag-politica"],"jetpack_featured_media_url":"https:\/\/rnoticias.com.mx\/Portal\/wp-content\/uploads\/2026\/04\/5555.jpeg","amp_enabled":true,"_links":{"self":[{"href":"https:\/\/rnoticias.com.mx\/Portal\/wp-json\/wp\/v2\/posts\/251295","targetHints":{"allow":["GET"]}}],"collection":[{"href":"https:\/\/rnoticias.com.mx\/Portal\/wp-json\/wp\/v2\/posts"}],"about":[{"href":"https:\/\/rnoticias.com.mx\/Portal\/wp-json\/wp\/v2\/types\/post"}],"author":[{"embeddable":true,"href":"https:\/\/rnoticias.com.mx\/Portal\/wp-json\/wp\/v2\/users\/2"}],"replies":[{"embeddable":true,"href":"https:\/\/rnoticias.com.mx\/Portal\/wp-json\/wp\/v2\/comments?post=251295"}],"version-history":[{"count":1,"href":"https:\/\/rnoticias.com.mx\/Portal\/wp-json\/wp\/v2\/posts\/251295\/revisions"}],"predecessor-version":[{"id":251297,"href":"https:\/\/rnoticias.com.mx\/Portal\/wp-json\/wp\/v2\/posts\/251295\/revisions\/251297"}],"wp:featuredmedia":[{"embeddable":true,"href":"https:\/\/rnoticias.com.mx\/Portal\/wp-json\/wp\/v2\/media\/251296"}],"wp:attachment":[{"href":"https:\/\/rnoticias.com.mx\/Portal\/wp-json\/wp\/v2\/media?parent=251295"}],"wp:term":[{"taxonomy":"category","embeddable":true,"href":"https:\/\/rnoticias.com.mx\/Portal\/wp-json\/wp\/v2\/categories?post=251295"},{"taxonomy":"post_tag","embeddable":true,"href":"https:\/\/rnoticias.com.mx\/Portal\/wp-json\/wp\/v2\/tags?post=251295"}],"curies":[{"name":"wp","href":"https:\/\/api.w.org\/{rel}","templated":true}]}}