{"id":251292,"date":"2026-04-01T20:46:37","date_gmt":"2026-04-02T03:46:37","guid":{"rendered":"https:\/\/rnoticias.com.mx\/Portal\/?p=251292"},"modified":"2026-04-01T20:46:37","modified_gmt":"2026-04-02T03:46:37","slug":"ordena-ine-retirar-promocional-de-movimiento-ciudadano","status":"publish","type":"post","link":"https:\/\/rnoticias.com.mx\/Portal\/2026\/04\/01\/ordena-ine-retirar-promocional-de-movimiento-ciudadano\/","title":{"rendered":"Ordena INE retirar promocional de Movimiento Ciudadano"},"content":{"rendered":"<p class=\"x_MsoNormal\"><span data-olk-copy-source=\"MessageBody\">La Comisi\u00f3n de Quejas y Denuncias del Instituto Nacional Electoral (INE) resolvi\u00f3 una medida cautelar solicitada por el partido pol\u00edtico Morena en contra de Movimiento Ciudadano (MC) por posible calumnia y uso indebido de la pauta, derivado de la difusi\u00f3n del promocional denominado \u201cMORENA. EL PARTIDO M\u00c1S CARO DEL MUNDO\u201d, en su versi\u00f3n de radio y televisi\u00f3n, al considerar que contiene expresiones en donde formulan imputaciones de hechos falsos, que le generan una afectaci\u00f3n directa en su reputaci\u00f3n institucional y distorsiona el debate p\u00fablico.<\/span><\/p>\n<p class=\"x_MsoNormal\">\n<p class=\"x_MsoNormal\">Al respecto, el colegiado, por unanimidad, determin\u00f3 ordenar el retiro del promocional, al advertir que la informaci\u00f3n difundida omite que el partido denunciante renunci\u00f3 a parte de su financiamiento durante la contingencia por COVID-19, conforme a lo informado por la Direcci\u00f3n Ejecutiva de Prerrogativas y Partidos Pol\u00edticos (DEPPP) y, a lo aprobado por el Consejo General en el acuerdo INE\/CG\/85\/2026.<\/p>\n<p class=\"x_MsoNormal\">\n<p class=\"x_MsoNormal\">Informaci\u00f3n que resulta relevante, porque de un an\u00e1lisis preliminar a la frase \u201caunque prometieron devolver la mitad no han regresado un solo peso\u201d se advierte la imputaci\u00f3n de un hecho evidentemente falso. Lo anterior, ya que al existir un acuerdo del Consejo General en ese sentido, el partido denunciado no puede argumentar el desconocimiento de la informaci\u00f3n, pues forma parte del pleno. Adem\u00e1s, dicho acuerdo fue publicado en el Diario Oficial de la Federaci\u00f3n, por lo que es del conocimiento p\u00fablico.<\/p>\n<p class=\"x_MsoNormal\">\n<p class=\"x_MsoNormal\">Sobre la tutela preventiva, la Comisi\u00f3n consider\u00f3 que desde una perspectiva preliminar y bajo la apariencia del buen derecho, se trata de una solicitud gen\u00e9rica que versa sobre hechos futuros de realizaci\u00f3n incierta, de ah\u00ed su improcedencia.<\/p>\n","protected":false},"excerpt":{"rendered":"<p>La Comisi\u00f3n de Quejas y Denuncias del Instituto Nacional Electoral (INE) resolvi\u00f3 una medida cautelar solicitada por el partido pol\u00edtico Morena en contra de Movimiento Ciudadano (MC) por posible calumnia y uso indebido de la pauta, derivado de la difusi\u00f3n del promocional denominado \u201cMORENA. EL PARTIDO M\u00c1S CARO DEL MUNDO\u201d, en su versi\u00f3n de radio [&hellip;]<\/p>\n","protected":false},"author":2,"featured_media":251293,"comment_status":"closed","ping_status":"closed","sticky":false,"template":"","format":"standard","meta":{"footnotes":""},"categories":[12868],"tags":[12879],"class_list":["post-251292","post","type-post","status-publish","format-standard","has-post-thumbnail","hentry","category-politica","tag-politica"],"jetpack_featured_media_url":"https:\/\/rnoticias.com.mx\/Portal\/wp-content\/uploads\/2026\/04\/Quejas-y-Denuncias-2.jpeg","amp_enabled":true,"_links":{"self":[{"href":"https:\/\/rnoticias.com.mx\/Portal\/wp-json\/wp\/v2\/posts\/251292","targetHints":{"allow":["GET"]}}],"collection":[{"href":"https:\/\/rnoticias.com.mx\/Portal\/wp-json\/wp\/v2\/posts"}],"about":[{"href":"https:\/\/rnoticias.com.mx\/Portal\/wp-json\/wp\/v2\/types\/post"}],"author":[{"embeddable":true,"href":"https:\/\/rnoticias.com.mx\/Portal\/wp-json\/wp\/v2\/users\/2"}],"replies":[{"embeddable":true,"href":"https:\/\/rnoticias.com.mx\/Portal\/wp-json\/wp\/v2\/comments?post=251292"}],"version-history":[{"count":1,"href":"https:\/\/rnoticias.com.mx\/Portal\/wp-json\/wp\/v2\/posts\/251292\/revisions"}],"predecessor-version":[{"id":251294,"href":"https:\/\/rnoticias.com.mx\/Portal\/wp-json\/wp\/v2\/posts\/251292\/revisions\/251294"}],"wp:featuredmedia":[{"embeddable":true,"href":"https:\/\/rnoticias.com.mx\/Portal\/wp-json\/wp\/v2\/media\/251293"}],"wp:attachment":[{"href":"https:\/\/rnoticias.com.mx\/Portal\/wp-json\/wp\/v2\/media?parent=251292"}],"wp:term":[{"taxonomy":"category","embeddable":true,"href":"https:\/\/rnoticias.com.mx\/Portal\/wp-json\/wp\/v2\/categories?post=251292"},{"taxonomy":"post_tag","embeddable":true,"href":"https:\/\/rnoticias.com.mx\/Portal\/wp-json\/wp\/v2\/tags?post=251292"}],"curies":[{"name":"wp","href":"https:\/\/api.w.org\/{rel}","templated":true}]}}