{"id":251186,"date":"2026-04-01T14:23:07","date_gmt":"2026-04-01T21:23:07","guid":{"rendered":"https:\/\/rnoticias.com.mx\/Portal\/?p=251186"},"modified":"2026-04-01T14:23:07","modified_gmt":"2026-04-01T21:23:07","slug":"el-congreso-de-sonora-avanza-en-la-socializacion-de-propuesta-de-fortalecimiento-a-las-organizaciones-estudiantiles","status":"publish","type":"post","link":"https:\/\/rnoticias.com.mx\/Portal\/2026\/04\/01\/el-congreso-de-sonora-avanza-en-la-socializacion-de-propuesta-de-fortalecimiento-a-las-organizaciones-estudiantiles\/","title":{"rendered":"El Congreso de Sonora avanza en la socializaci\u00f3n de propuesta de fortalecimiento a las organizaciones estudiantiles"},"content":{"rendered":"<p>San Luis R\u00edo Colorado, Sonora; 01 de abril de 2026.- A trav\u00e9s del mecanismo de parlamento abierto, el Congreso del Estado de Sonora continu\u00f3 en San Luis R\u00edo Colorado con el proceso de socializaci\u00f3n del proyecto de Ley para el Reconocimiento y Fomento de las Organizaciones Estudiantiles.<\/p>\n<p>El diputado Juan Pablo Arenivar Mart\u00ednez (PAN), proponente de la iniciativa, detall\u00f3 que esta tiene como finalidad reconocer a las organizaciones estudiantiles en instituciones de educaci\u00f3n superior, tanto p\u00fablicas como privadas, en la entidad.<\/p>\n<p>Explic\u00f3 que la propuesta contempla garantizar espacios dentro de las universidades para que las y los estudiantes puedan organizarse y participar activamente; crea el Consejo Estatal de Participaci\u00f3n Estudiantil de Educaci\u00f3n Superior; implementa mecanismos de protecci\u00f3n para evitar posibles represalias acad\u00e9micas contra el estudiantado; y mejora la vinculaci\u00f3n entre las universidades y el sector productivo.<\/p>\n<p>Participaron en este tercer parlamento autoridades del ayuntamiento, estudiantes y representantes acad\u00e9micos de distintas instituciones de educaci\u00f3n superior del municipio, integrantes del Colegio de Contadores del Desierto, y del Centro de Investigaciones Parlamentarias del Estado (Cipes).<\/p>\n<p>Las personas asistentes destacaron la importancia de contar con un marco legal que respalde a las y los estudiantes en Sonora, y contribuya a generar mejores condiciones su etapa universitaria. Adem\u00e1s, compartieron diversas inquietudes y propuestas para fortalecer el proyecto de ley.<\/p>\n<p>El legislador Arenivar Mart\u00ednez agradeci\u00f3 la participaci\u00f3n de las y los invitados, y record\u00f3 que las aportaciones recabadas en los municipios de Puerto Pe\u00f1asco, Caborca y San Luis R\u00edo Colorado ser\u00e1n consideradas para la elaboraci\u00f3n del dictamen final.<\/p>\n","protected":false},"excerpt":{"rendered":"<p>San Luis R\u00edo Colorado, Sonora; 01 de abril de 2026.- A trav\u00e9s del mecanismo de parlamento abierto, el Congreso del Estado de Sonora continu\u00f3 en San Luis R\u00edo Colorado con el proceso de socializaci\u00f3n del proyecto de Ley para el Reconocimiento y Fomento de las Organizaciones Estudiantiles. El diputado Juan Pablo Arenivar Mart\u00ednez (PAN), proponente [&hellip;]<\/p>\n","protected":false},"author":2,"featured_media":251187,"comment_status":"closed","ping_status":"closed","sticky":false,"template":"","format":"standard","meta":{"footnotes":""},"categories":[12868],"tags":[12879],"class_list":["post-251186","post","type-post","status-publish","format-standard","has-post-thumbnail","hentry","category-politica","tag-politica"],"jetpack_featured_media_url":"https:\/\/rnoticias.com.mx\/Portal\/wp-content\/uploads\/2026\/04\/611.jpeg","amp_enabled":true,"_links":{"self":[{"href":"https:\/\/rnoticias.com.mx\/Portal\/wp-json\/wp\/v2\/posts\/251186","targetHints":{"allow":["GET"]}}],"collection":[{"href":"https:\/\/rnoticias.com.mx\/Portal\/wp-json\/wp\/v2\/posts"}],"about":[{"href":"https:\/\/rnoticias.com.mx\/Portal\/wp-json\/wp\/v2\/types\/post"}],"author":[{"embeddable":true,"href":"https:\/\/rnoticias.com.mx\/Portal\/wp-json\/wp\/v2\/users\/2"}],"replies":[{"embeddable":true,"href":"https:\/\/rnoticias.com.mx\/Portal\/wp-json\/wp\/v2\/comments?post=251186"}],"version-history":[{"count":1,"href":"https:\/\/rnoticias.com.mx\/Portal\/wp-json\/wp\/v2\/posts\/251186\/revisions"}],"predecessor-version":[{"id":251188,"href":"https:\/\/rnoticias.com.mx\/Portal\/wp-json\/wp\/v2\/posts\/251186\/revisions\/251188"}],"wp:featuredmedia":[{"embeddable":true,"href":"https:\/\/rnoticias.com.mx\/Portal\/wp-json\/wp\/v2\/media\/251187"}],"wp:attachment":[{"href":"https:\/\/rnoticias.com.mx\/Portal\/wp-json\/wp\/v2\/media?parent=251186"}],"wp:term":[{"taxonomy":"category","embeddable":true,"href":"https:\/\/rnoticias.com.mx\/Portal\/wp-json\/wp\/v2\/categories?post=251186"},{"taxonomy":"post_tag","embeddable":true,"href":"https:\/\/rnoticias.com.mx\/Portal\/wp-json\/wp\/v2\/tags?post=251186"}],"curies":[{"name":"wp","href":"https:\/\/api.w.org\/{rel}","templated":true}]}}