{"id":250960,"date":"2026-03-31T16:35:08","date_gmt":"2026-03-31T23:35:08","guid":{"rendered":"https:\/\/rnoticias.com.mx\/Portal\/?p=250960"},"modified":"2026-03-31T16:35:08","modified_gmt":"2026-03-31T23:35:08","slug":"anuncia-ayuntamiento-de-hermosillo-suspension-de-servicio-de-recoleccion-en-semana-santa","status":"publish","type":"post","link":"https:\/\/rnoticias.com.mx\/Portal\/2026\/03\/31\/anuncia-ayuntamiento-de-hermosillo-suspension-de-servicio-de-recoleccion-en-semana-santa\/","title":{"rendered":"Anuncia Ayuntamiento de Hermosillo suspensi\u00f3n de servicio de recolecci\u00f3n en Semana Santa"},"content":{"rendered":"<p>Hermosillo, Sonora; 31 de marzo, 2026.- El director de Servicios P\u00fablicos Municipales, Sergio Pavlovich Escalante, inform\u00f3 que del 2 al 4 de abril no habr\u00e1 servicio de recolecci\u00f3n de basura con motivo de Semana Santa para reanudar el lunes 6 de abril en los horarios establecidos.<\/p>\n<p>Explic\u00f3 que los Puntos de Transferencia estar\u00e1n abiertos hasta el d\u00eda s\u00e1bado en horario de atenci\u00f3n de 10:00 a 17:00 horas para depositar residuos dom\u00e9sticos y cacharros.<\/p>\n<p>Los Puntos de Transferencia son: Centro en bulevar Luis Encinas y bulevar Jorge Valencia; Norte, en bulevar Las Torres entre Calzada Santa Cecilia y Gilberto Escobosa; Sur, en Avenida Jaudiel Zamorano y Prof. Miguel Castro en colonia Altares; L\u00e1zaro C\u00e1rdenas, en bulevar L\u00e1zaro C\u00e1rdenas entre bulevar Quiroga y Mar\u00eda Dolores Duarte en colonia Campi\u00f1a y en patios de Servicios P\u00fablicos Municipales, en avenida de Las Flores SN entre Solidaridad y Avenida Margarita Maza de Ju\u00e1rez.<\/p>\n<p>Pavlovich Escalante sugiri\u00f3 no sacar los desechos de sus hogares hasta el d\u00eda que toque la recolecci\u00f3n, cuando acudir\u00e1n con normalidad los camiones en todas las rutas de recolecci\u00f3n ya establecidas.<\/p>\n","protected":false},"excerpt":{"rendered":"<p>Hermosillo, Sonora; 31 de marzo, 2026.- El director de Servicios P\u00fablicos Municipales, Sergio Pavlovich Escalante, inform\u00f3 que del 2 al 4 de abril no habr\u00e1 servicio de recolecci\u00f3n de basura con motivo de Semana Santa para reanudar el lunes 6 de abril en los horarios establecidos. Explic\u00f3 que los Puntos de Transferencia estar\u00e1n abiertos hasta [&hellip;]<\/p>\n","protected":false},"author":2,"featured_media":250961,"comment_status":"closed","ping_status":"closed","sticky":false,"template":"","format":"standard","meta":{"footnotes":""},"categories":[12870,178],"tags":[12865,12869],"class_list":["post-250960","post","type-post","status-publish","format-standard","has-post-thumbnail","hentry","category-destacadas","category-local","tag-destacadas","tag-local"],"jetpack_featured_media_url":"https:\/\/rnoticias.com.mx\/Portal\/wp-content\/uploads\/2026\/03\/432.jpg","amp_enabled":true,"_links":{"self":[{"href":"https:\/\/rnoticias.com.mx\/Portal\/wp-json\/wp\/v2\/posts\/250960","targetHints":{"allow":["GET"]}}],"collection":[{"href":"https:\/\/rnoticias.com.mx\/Portal\/wp-json\/wp\/v2\/posts"}],"about":[{"href":"https:\/\/rnoticias.com.mx\/Portal\/wp-json\/wp\/v2\/types\/post"}],"author":[{"embeddable":true,"href":"https:\/\/rnoticias.com.mx\/Portal\/wp-json\/wp\/v2\/users\/2"}],"replies":[{"embeddable":true,"href":"https:\/\/rnoticias.com.mx\/Portal\/wp-json\/wp\/v2\/comments?post=250960"}],"version-history":[{"count":1,"href":"https:\/\/rnoticias.com.mx\/Portal\/wp-json\/wp\/v2\/posts\/250960\/revisions"}],"predecessor-version":[{"id":250962,"href":"https:\/\/rnoticias.com.mx\/Portal\/wp-json\/wp\/v2\/posts\/250960\/revisions\/250962"}],"wp:featuredmedia":[{"embeddable":true,"href":"https:\/\/rnoticias.com.mx\/Portal\/wp-json\/wp\/v2\/media\/250961"}],"wp:attachment":[{"href":"https:\/\/rnoticias.com.mx\/Portal\/wp-json\/wp\/v2\/media?parent=250960"}],"wp:term":[{"taxonomy":"category","embeddable":true,"href":"https:\/\/rnoticias.com.mx\/Portal\/wp-json\/wp\/v2\/categories?post=250960"},{"taxonomy":"post_tag","embeddable":true,"href":"https:\/\/rnoticias.com.mx\/Portal\/wp-json\/wp\/v2\/tags?post=250960"}],"curies":[{"name":"wp","href":"https:\/\/api.w.org\/{rel}","templated":true}]}}