{"id":250946,"date":"2026-03-31T11:33:15","date_gmt":"2026-03-31T18:33:15","guid":{"rendered":"https:\/\/rnoticias.com.mx\/Portal\/?p=250946"},"modified":"2026-03-31T11:33:15","modified_gmt":"2026-03-31T18:33:15","slug":"llama-proteccion-civil-a-prevenir-riesgos-durante-semana-santa","status":"publish","type":"post","link":"https:\/\/rnoticias.com.mx\/Portal\/2026\/03\/31\/llama-proteccion-civil-a-prevenir-riesgos-durante-semana-santa\/","title":{"rendered":"Llama Protecci\u00f3n Civil a prevenir riesgos durante Semana Santa"},"content":{"rendered":"<p>Hermosillo, Sonora; 31 de marzo de 2026.\u2013 El Gobierno de Sonora, a trav\u00e9s de la Coordinaci\u00f3n Estatal de Protecci\u00f3n Civil (CEPC), hizo un llamado a la poblaci\u00f3n a disfrutar del pr\u00f3ximo periodo vacacional de Semana Santa de manera responsable, priorizando en todo momento la prevenci\u00f3n para evitar accidentes y salvaguardar la integridad de las familias sonorenses.<\/p>\n<p>Destac\u00f3 que durante esta temporada aumenta la movilidad hacia playas, r\u00edos, zonas recreativas y carreteras, por lo que es fundamental adoptar medidas b\u00e1sicas de seguridad, tanto en el hogar como durante los traslados.<\/p>\n<p>Entre las principales recomendaciones, se exhorta a la ciudadan\u00eda a revisar las condiciones mec\u00e1nicas de sus veh\u00edculos antes de salir a carretera, respetar los l\u00edmites de velocidad, evitar conducir bajo los efectos del alcohol y utilizar siempre el cintur\u00f3n de seguridad.<\/p>\n<p>Asimismo, en destinos de playa o balnearios, se recomienda no ingresar al agua en estado de ebriedad, supervisar en todo momento a ni\u00f1as y ni\u00f1os, respetar las indicaciones de las autoridades y atender se\u00f1alamientos preventivos en zonas de riesgo.<\/p>\n<p>En el hogar, se sugiere desconectar aparatos el\u00e9ctricos, cerrar llaves de gas y agua, as\u00ed como asegurar puertas y ventanas si se va a salir por varios d\u00edas.<\/p>\n<p>El titular de la dependencia, Daniel Abraham G\u00e1mez Mart\u00ednez, reiter\u00f3 que la prevenci\u00f3n es la mejor herramienta para evitar incidentes, por lo que invit\u00f3 a la poblaci\u00f3n a mantenerse informada a trav\u00e9s de canales oficiales y seguir las recomendaciones emitidas por las autoridades.<\/p>\n<p>Finalmente, se\u00f1al\u00f3 que durante el periodo vacacional se mantendr\u00e1n operativos de vigilancia y atenci\u00f3n en distintos puntos del estado, con el objetivo de brindar apoyo oportuno a quienes lo requieran y garantizar unas vacaciones seguras para todas y todos.<\/p>\n<p>Ante cualquier emergencia, la poblaci\u00f3n puede hacer uso de la l\u00ednea telef\u00f3nica 9-1-1.<\/p>\n","protected":false},"excerpt":{"rendered":"<p>Hermosillo, Sonora; 31 de marzo de 2026.\u2013 El Gobierno de Sonora, a trav\u00e9s de la Coordinaci\u00f3n Estatal de Protecci\u00f3n Civil (CEPC), hizo un llamado a la poblaci\u00f3n a disfrutar del pr\u00f3ximo periodo vacacional de Semana Santa de manera responsable, priorizando en todo momento la prevenci\u00f3n para evitar accidentes y salvaguardar la integridad de las familias [&hellip;]<\/p>\n","protected":false},"author":2,"featured_media":250947,"comment_status":"closed","ping_status":"closed","sticky":false,"template":"","format":"standard","meta":{"footnotes":""},"categories":[12870,178],"tags":[12865,12869],"class_list":["post-250946","post","type-post","status-publish","format-standard","has-post-thumbnail","hentry","category-destacadas","category-local","tag-destacadas","tag-local"],"jetpack_featured_media_url":"https:\/\/rnoticias.com.mx\/Portal\/wp-content\/uploads\/2026\/03\/unnamed-1-54.jpg","amp_enabled":true,"_links":{"self":[{"href":"https:\/\/rnoticias.com.mx\/Portal\/wp-json\/wp\/v2\/posts\/250946","targetHints":{"allow":["GET"]}}],"collection":[{"href":"https:\/\/rnoticias.com.mx\/Portal\/wp-json\/wp\/v2\/posts"}],"about":[{"href":"https:\/\/rnoticias.com.mx\/Portal\/wp-json\/wp\/v2\/types\/post"}],"author":[{"embeddable":true,"href":"https:\/\/rnoticias.com.mx\/Portal\/wp-json\/wp\/v2\/users\/2"}],"replies":[{"embeddable":true,"href":"https:\/\/rnoticias.com.mx\/Portal\/wp-json\/wp\/v2\/comments?post=250946"}],"version-history":[{"count":1,"href":"https:\/\/rnoticias.com.mx\/Portal\/wp-json\/wp\/v2\/posts\/250946\/revisions"}],"predecessor-version":[{"id":250948,"href":"https:\/\/rnoticias.com.mx\/Portal\/wp-json\/wp\/v2\/posts\/250946\/revisions\/250948"}],"wp:featuredmedia":[{"embeddable":true,"href":"https:\/\/rnoticias.com.mx\/Portal\/wp-json\/wp\/v2\/media\/250947"}],"wp:attachment":[{"href":"https:\/\/rnoticias.com.mx\/Portal\/wp-json\/wp\/v2\/media?parent=250946"}],"wp:term":[{"taxonomy":"category","embeddable":true,"href":"https:\/\/rnoticias.com.mx\/Portal\/wp-json\/wp\/v2\/categories?post=250946"},{"taxonomy":"post_tag","embeddable":true,"href":"https:\/\/rnoticias.com.mx\/Portal\/wp-json\/wp\/v2\/tags?post=250946"}],"curies":[{"name":"wp","href":"https:\/\/api.w.org\/{rel}","templated":true}]}}