{"id":250789,"date":"2026-03-28T21:48:19","date_gmt":"2026-03-29T04:48:19","guid":{"rendered":"https:\/\/rnoticias.com.mx\/Portal\/?p=250789"},"modified":"2026-03-28T21:48:19","modified_gmt":"2026-03-29T04:48:19","slug":"inicia-ine-dialogo-para-garantizar-el-voto-accesible-de-personas-con-discapacidad-visual-en-elecciones-judiciales","status":"publish","type":"post","link":"https:\/\/rnoticias.com.mx\/Portal\/2026\/03\/28\/inicia-ine-dialogo-para-garantizar-el-voto-accesible-de-personas-con-discapacidad-visual-en-elecciones-judiciales\/","title":{"rendered":"-Inicia INE di\u00e1logo para garantizar el voto accesible de personas con discapacidad visual en elecciones judiciales"},"content":{"rendered":"<p class=\"x_MsoNormal\"><span data-olk-copy-source=\"MessageBody\">Con el fin de garantizar la accesibilidad plena en la pr\u00f3xima elecci\u00f3n de integrantes del Poder Judicial de la Federaci\u00f3n, el Instituto Nacional Electoral (INE) lleva a cabo mesas de di\u00e1logo para definir el anteproyecto de la\u00a0<i>Consulta a personas con discapacidad visual y organizaciones que las representan<\/i>\u00a0y, con ello, encontrar alternativas para el dise\u00f1o de materiales y, sobre todo, de la boleta electoral.<\/span><\/p>\n<p class=\"x_MsoNormal\">\n<p class=\"x_MsoNormal\">Al dar la bienvenida a las y los participantes que se unieron a la mesa de di\u00e1logo virtual, la Directora de la Unidad T\u00e9cnica de Igualdad de G\u00e9nero y No Discriminaci\u00f3n (UTIGyND), Flor Dessir\u00e9 Le\u00f3n Hern\u00e1ndez, dej\u00f3 en claro que no se trata de buenas intenciones, sino de que el INE atiende una responsabilidad.<\/p>\n<p class=\"x_MsoNormal\">\n<p class=\"x_MsoNormal\">\u201cEl Instituto atiende un llamado del Estado mexicano para hacer posible que todas las personas nos podamos desarrollar plenamente y participemos en la toma de decisiones importantes de nuestro pa\u00eds\u201d, subray\u00f3.<\/p>\n<p class=\"x_MsoNormal\">\n<p class=\"x_MsoNormal\">La Subdirectora de Transversalizaci\u00f3n y Evaluaci\u00f3n de la UTIGyND, Itzel Flores Ju\u00e1rez, explic\u00f3 que estos trabajos dan cumplimiento a la sentencia SUP-JDC 1909\/2025 y al Acuerdo INE\/CG351\/2025, que obligan al Instituto a realizar una Consulta efectiva, previa y accesible con personas con discapacidad visual y organizaciones que las representan, con el objetivo de analizar opciones de accesibilidad del voto en elecciones judiciales.<\/p>\n<p class=\"x_MsoNormal\">\n<p class=\"x_MsoNormal\">El objetivo general de la Consulta, precis\u00f3, es recabar, sistematizar y analizar las necesidades, experiencias y propuestas de personas con discapacidad visual y de las organizaciones que las representan, a fin de contar con materiales y boletas electorales accesibles, as\u00ed como alternativas tecnol\u00f3gicas viables en la pr\u00f3xima elecci\u00f3n judicial, con base en marcos normativos internacionales y nacionales que protegen sus derechos pol\u00edtico-electorales.<\/p>\n<p class=\"x_MsoNormal\">\n<p class=\"x_MsoNormal\">\u201cEl INE utilizar\u00e1 toda su capacidad institucional para realizar esta Consulta\u201d, a\u00f1adi\u00f3 Flores Ju\u00e1rez, pero para ello, en la etapa de preparaci\u00f3n y elaboraci\u00f3n del anteproyecto, se realizan estas mesas de di\u00e1logo en las que se busca la retroalimentaci\u00f3n de personas con discapacidad visual y organizaciones que las representan, no s\u00f3lo sobre el dise\u00f1o de boletas y materiales electorales, sino tambi\u00e9n para asegurar la inclusi\u00f3n y autonom\u00eda en el ejercicio del voto.<\/p>\n<p class=\"x_MsoNormal\">\n<p class=\"x_MsoNormal\">Acompa\u00f1ada de Omar Padilla P\u00e1ez, Jefe del Departamento de Evaluaci\u00f3n de la UTIGyND, ambos escucharon las propuestas de representantes de la sociedad civil, y de ciudadanas y ciudadanos como Alejandro Mungu\u00eda, Lorena Vel\u00e1zquez, de Talento USA Mujer, Zabdiel Santiago, Briseida Echaury, Landay Castro, Imelda V\u00e1zquez Castro, Gerardo Hern\u00e1ndez, Carlos L\u00f3pez Reyna, Nataly, H\u00e9ctor Sandoval Hern\u00e1ndez, Rosy Garc\u00eda, Gabriel Cienfuegos y Beatriz Maldonado.<\/p>\n<p class=\"x_MsoNormal\">\n<p class=\"x_MsoNormal\">Tambi\u00e9n a Ricardo Ortiz, Lourdes Quintero, Gabriela Gonz\u00e1lez, Hilda Laura V\u00e1zquez Villanueva y Celso Soto Hern\u00e1ndez, entre otros, quienes hicieron propuestas que servir\u00e1n como insumo para la elaboraci\u00f3n del anteproyecto de la\u00a0<i>Consulta a personas con discapacidad visual y organizaciones que las representan.<\/i><\/p>\n<p class=\"x_MsoNormal\">\n<p class=\"x_MsoNormal\">Entre las propuestas t\u00e9cnicas recibidas en la mesa de di\u00e1logo virtual est\u00e1 el ampliar hasta el 29 de marzo el periodo de recepci\u00f3n de propuestas y observaciones al anteproyecto, a fin de favorecer una mayor participaci\u00f3n de este sector; se acord\u00f3 la realizaci\u00f3n de otra mesa de entendimiento; valorar la posible modificaci\u00f3n del calendario de la Consulta programada a finales de abril; garantizar la implementaci\u00f3n de ajustes razonables que favorezcan la accesibilidad; incorporar tem\u00e1ticas espec\u00edficas; analizar la implementaci\u00f3n del voto anticipado; adecuar el mecanismo de registro y ampliar los medios de difusi\u00f3n de la Consulta.<\/p>\n<p class=\"x_MsoNormal\">\n<p class=\"x_MsoNormal\">Con estas acciones, el INE no s\u00f3lo cumple con un mandato jurisdiccional, sino que reafirma su funci\u00f3n como una instituci\u00f3n de servicio p\u00fablico que evoluciona para garantizar que el ejercicio de los derechos pol\u00edtico-electorales sea una realidad para todas y todos los ciudadanos.<\/p>\n","protected":false},"excerpt":{"rendered":"<p>Con el fin de garantizar la accesibilidad plena en la pr\u00f3xima elecci\u00f3n de integrantes del Poder Judicial de la Federaci\u00f3n, el Instituto Nacional Electoral (INE) lleva a cabo mesas de di\u00e1logo para definir el anteproyecto de la\u00a0Consulta a personas con discapacidad visual y organizaciones que las representan\u00a0y, con ello, encontrar alternativas para el dise\u00f1o de [&hellip;]<\/p>\n","protected":false},"author":2,"featured_media":250790,"comment_status":"closed","ping_status":"closed","sticky":false,"template":"","format":"standard","meta":{"footnotes":""},"categories":[12868],"tags":[12879],"class_list":["post-250789","post","type-post","status-publish","format-standard","has-post-thumbnail","hentry","category-politica","tag-politica"],"jetpack_featured_media_url":"https:\/\/rnoticias.com.mx\/Portal\/wp-content\/uploads\/2026\/03\/INE-3.jpg","amp_enabled":true,"_links":{"self":[{"href":"https:\/\/rnoticias.com.mx\/Portal\/wp-json\/wp\/v2\/posts\/250789","targetHints":{"allow":["GET"]}}],"collection":[{"href":"https:\/\/rnoticias.com.mx\/Portal\/wp-json\/wp\/v2\/posts"}],"about":[{"href":"https:\/\/rnoticias.com.mx\/Portal\/wp-json\/wp\/v2\/types\/post"}],"author":[{"embeddable":true,"href":"https:\/\/rnoticias.com.mx\/Portal\/wp-json\/wp\/v2\/users\/2"}],"replies":[{"embeddable":true,"href":"https:\/\/rnoticias.com.mx\/Portal\/wp-json\/wp\/v2\/comments?post=250789"}],"version-history":[{"count":1,"href":"https:\/\/rnoticias.com.mx\/Portal\/wp-json\/wp\/v2\/posts\/250789\/revisions"}],"predecessor-version":[{"id":250791,"href":"https:\/\/rnoticias.com.mx\/Portal\/wp-json\/wp\/v2\/posts\/250789\/revisions\/250791"}],"wp:featuredmedia":[{"embeddable":true,"href":"https:\/\/rnoticias.com.mx\/Portal\/wp-json\/wp\/v2\/media\/250790"}],"wp:attachment":[{"href":"https:\/\/rnoticias.com.mx\/Portal\/wp-json\/wp\/v2\/media?parent=250789"}],"wp:term":[{"taxonomy":"category","embeddable":true,"href":"https:\/\/rnoticias.com.mx\/Portal\/wp-json\/wp\/v2\/categories?post=250789"},{"taxonomy":"post_tag","embeddable":true,"href":"https:\/\/rnoticias.com.mx\/Portal\/wp-json\/wp\/v2\/tags?post=250789"}],"curies":[{"name":"wp","href":"https:\/\/api.w.org\/{rel}","templated":true}]}}