{"id":250144,"date":"2026-03-24T15:45:36","date_gmt":"2026-03-24T22:45:36","guid":{"rendered":"https:\/\/rnoticias.com.mx\/Portal\/?p=250144"},"modified":"2026-03-24T15:45:36","modified_gmt":"2026-03-24T22:45:36","slug":"playas-y-pueblos-serranos-lideran-turismo-en-semana-santa-tour-operadores-de-sonora","status":"publish","type":"post","link":"https:\/\/rnoticias.com.mx\/Portal\/2026\/03\/24\/playas-y-pueblos-serranos-lideran-turismo-en-semana-santa-tour-operadores-de-sonora\/","title":{"rendered":"Playas y pueblos serranos lideran turismo en Semana Santa: Tour Operadores de Sonora"},"content":{"rendered":"<p>Hermosillo, Sonora. Durante el periodo vacacional de Semana Santa, Sonora se perfila nuevamente como uno de los destinos preferidos por visitantes locales y for\u00e1neos, con una marcada tendencia hacia sus playas y comunidades de la sierra.<\/p>\n<p>&nbsp;<\/p>\n<p>Julio Rasc\u00f3n Torres, presidente de la Asociaci\u00f3n Sonorense de Tour Operadores, Gu\u00edas y Anfitriones Tur\u00edsticos, destac\u00f3 que la entidad ofrece una amplia diversidad de opciones para todos los gustos.<\/p>\n<p>&nbsp;<\/p>\n<p>\u201cEntre los puntos con mayor demanda figuran destinos serranos como Y\u00e9cora, Arivechi, Sahuaripa y Bacanora, reconocidos por su entorno natural y tranquilidad, as\u00ed como zonas costeras como Puerto Pe\u00f1asco, Punta Chueca y San Carlos, que cada a\u00f1o concentran una alta afluencia de visitantes\u201d, asever\u00f3.<\/p>\n<p>&nbsp;<\/p>\n<p>Rasc\u00f3n Torres explic\u00f3 que se prev\u00e9 una distribuci\u00f3n equilibrada del turismo en el estado, con un flujo similar entre playas, r\u00edos y rutas como la del Novillo y el R\u00edo Sonora. Ante este panorama, recomend\u00f3 a quienes planean viajar tomar precauciones, como verificar las condiciones mec\u00e1nicas de sus veh\u00edculos y asegurar con anticipaci\u00f3n su hospedaje, a fin de evitar contratiempos y disfrutar de una estancia segura.<\/p>\n<p>&nbsp;<\/p>\n","protected":false},"excerpt":{"rendered":"<p>Hermosillo, Sonora. Durante el periodo vacacional de Semana Santa, Sonora se perfila nuevamente como uno de los destinos preferidos por visitantes locales y for\u00e1neos, con una marcada tendencia hacia sus playas y comunidades de la sierra. &nbsp; Julio Rasc\u00f3n Torres, presidente de la Asociaci\u00f3n Sonorense de Tour Operadores, Gu\u00edas y Anfitriones Tur\u00edsticos, destac\u00f3 que la [&hellip;]<\/p>\n","protected":false},"author":2,"featured_media":250145,"comment_status":"closed","ping_status":"closed","sticky":false,"template":"","format":"standard","meta":{"footnotes":""},"categories":[12870,178],"tags":[12865,12869],"class_list":["post-250144","post","type-post","status-publish","format-standard","has-post-thumbnail","hentry","category-destacadas","category-local","tag-destacadas","tag-local"],"jetpack_featured_media_url":"https:\/\/rnoticias.com.mx\/Portal\/wp-content\/uploads\/2026\/03\/Screen-Shot-2022-04-21-at-12.52.48-AM.png","amp_enabled":true,"_links":{"self":[{"href":"https:\/\/rnoticias.com.mx\/Portal\/wp-json\/wp\/v2\/posts\/250144","targetHints":{"allow":["GET"]}}],"collection":[{"href":"https:\/\/rnoticias.com.mx\/Portal\/wp-json\/wp\/v2\/posts"}],"about":[{"href":"https:\/\/rnoticias.com.mx\/Portal\/wp-json\/wp\/v2\/types\/post"}],"author":[{"embeddable":true,"href":"https:\/\/rnoticias.com.mx\/Portal\/wp-json\/wp\/v2\/users\/2"}],"replies":[{"embeddable":true,"href":"https:\/\/rnoticias.com.mx\/Portal\/wp-json\/wp\/v2\/comments?post=250144"}],"version-history":[{"count":1,"href":"https:\/\/rnoticias.com.mx\/Portal\/wp-json\/wp\/v2\/posts\/250144\/revisions"}],"predecessor-version":[{"id":250146,"href":"https:\/\/rnoticias.com.mx\/Portal\/wp-json\/wp\/v2\/posts\/250144\/revisions\/250146"}],"wp:featuredmedia":[{"embeddable":true,"href":"https:\/\/rnoticias.com.mx\/Portal\/wp-json\/wp\/v2\/media\/250145"}],"wp:attachment":[{"href":"https:\/\/rnoticias.com.mx\/Portal\/wp-json\/wp\/v2\/media?parent=250144"}],"wp:term":[{"taxonomy":"category","embeddable":true,"href":"https:\/\/rnoticias.com.mx\/Portal\/wp-json\/wp\/v2\/categories?post=250144"},{"taxonomy":"post_tag","embeddable":true,"href":"https:\/\/rnoticias.com.mx\/Portal\/wp-json\/wp\/v2\/tags?post=250144"}],"curies":[{"name":"wp","href":"https:\/\/api.w.org\/{rel}","templated":true}]}}