{"id":250117,"date":"2026-03-24T15:08:37","date_gmt":"2026-03-24T22:08:37","guid":{"rendered":"https:\/\/rnoticias.com.mx\/Portal\/?p=250117"},"modified":"2026-03-24T15:08:37","modified_gmt":"2026-03-24T22:08:37","slug":"promueve-congreso-de-sonora-caminata-para-concientizar-sobre-el-autismo","status":"publish","type":"post","link":"https:\/\/rnoticias.com.mx\/Portal\/2026\/03\/24\/promueve-congreso-de-sonora-caminata-para-concientizar-sobre-el-autismo\/","title":{"rendered":"Promueve Congreso de Sonora caminata para concientizar sobre el autismo"},"content":{"rendered":"<p>Hermosillo, Sonora; 24 de marzo de 2026.\u2013 Con el prop\u00f3sito de fomentar la concientizaci\u00f3n y la inclusi\u00f3n, la diputada Jazm\u00edn G\u00f3mez Liz\u00e1rraga (PT), presidenta de la Comisi\u00f3n de Atenci\u00f3n a Grupos Vulnerables de la Sociedad del Congreso del Estado de Sonora, encabez\u00f3 una rueda de prensa para invitar a la ciudadan\u00eda a participar en la Caminata por el Autismo.<\/p>\n<p>La legisladora destac\u00f3 que, desde el Poder Legislativo, se han impulsado acciones y pol\u00edticas p\u00fablicas en favor de las personas en situaci\u00f3n de discapacidad, en coordinaci\u00f3n con el Gobierno de Sonora y en vinculaci\u00f3n con diversas asociaciones civiles, con el objetivo de fortalecer el respeto y la garant\u00eda de sus derechos.<\/p>\n<p>Por su parte, Cervando Flores Castelo, procurador de la Defensa de las Personas con Discapacidad del Gobierno de Sonora, se\u00f1al\u00f3 que esta caminata se ha realizado durante diez a\u00f1os consecutivos y tiene como objetivo fomentar el reconocimiento y el respeto a la condici\u00f3n de las personas con espectro autista.<\/p>\n<p>Asimismo, resalt\u00f3 el incremento en el presupuesto destinado al sector salud, as\u00ed como el fortalecimiento de la atenci\u00f3n mediante las cl\u00ednicas de neurodesarrollo, que actualmente brindan servicio en diversos municipios y cuya cobertura se ampliar\u00e1 con la construcci\u00f3n de nuevos espacios en la entidad.<\/p>\n<p>La caminata se llevar\u00e1 a cabo el pr\u00f3ximo domingo 29 de marzo, a las 8:30 horas, partiendo de la Plaza Zaragoza hacia la Plaza Emiliana de Zubeld\u00eda.<\/p>\n<p>Tambi\u00e9n participaron Natalia Navarro Laguna, directora de Atenci\u00f3n al Neurodesarrollo, y Mar\u00eda Auxiliadora Ung, representante de Autismo Sonora y de la Red de Asociaciones por la Discapacidad en Sonora.<\/p>\n","protected":false},"excerpt":{"rendered":"<p>Hermosillo, Sonora; 24 de marzo de 2026.\u2013 Con el prop\u00f3sito de fomentar la concientizaci\u00f3n y la inclusi\u00f3n, la diputada Jazm\u00edn G\u00f3mez Liz\u00e1rraga (PT), presidenta de la Comisi\u00f3n de Atenci\u00f3n a Grupos Vulnerables de la Sociedad del Congreso del Estado de Sonora, encabez\u00f3 una rueda de prensa para invitar a la ciudadan\u00eda a participar en la [&hellip;]<\/p>\n","protected":false},"author":2,"featured_media":250118,"comment_status":"closed","ping_status":"closed","sticky":false,"template":"","format":"standard","meta":{"footnotes":""},"categories":[12868],"tags":[12879],"class_list":["post-250117","post","type-post","status-publish","format-standard","has-post-thumbnail","hentry","category-politica","tag-politica"],"jetpack_featured_media_url":"https:\/\/rnoticias.com.mx\/Portal\/wp-content\/uploads\/2026\/03\/96.jpg","amp_enabled":true,"_links":{"self":[{"href":"https:\/\/rnoticias.com.mx\/Portal\/wp-json\/wp\/v2\/posts\/250117","targetHints":{"allow":["GET"]}}],"collection":[{"href":"https:\/\/rnoticias.com.mx\/Portal\/wp-json\/wp\/v2\/posts"}],"about":[{"href":"https:\/\/rnoticias.com.mx\/Portal\/wp-json\/wp\/v2\/types\/post"}],"author":[{"embeddable":true,"href":"https:\/\/rnoticias.com.mx\/Portal\/wp-json\/wp\/v2\/users\/2"}],"replies":[{"embeddable":true,"href":"https:\/\/rnoticias.com.mx\/Portal\/wp-json\/wp\/v2\/comments?post=250117"}],"version-history":[{"count":1,"href":"https:\/\/rnoticias.com.mx\/Portal\/wp-json\/wp\/v2\/posts\/250117\/revisions"}],"predecessor-version":[{"id":250119,"href":"https:\/\/rnoticias.com.mx\/Portal\/wp-json\/wp\/v2\/posts\/250117\/revisions\/250119"}],"wp:featuredmedia":[{"embeddable":true,"href":"https:\/\/rnoticias.com.mx\/Portal\/wp-json\/wp\/v2\/media\/250118"}],"wp:attachment":[{"href":"https:\/\/rnoticias.com.mx\/Portal\/wp-json\/wp\/v2\/media?parent=250117"}],"wp:term":[{"taxonomy":"category","embeddable":true,"href":"https:\/\/rnoticias.com.mx\/Portal\/wp-json\/wp\/v2\/categories?post=250117"},{"taxonomy":"post_tag","embeddable":true,"href":"https:\/\/rnoticias.com.mx\/Portal\/wp-json\/wp\/v2\/tags?post=250117"}],"curies":[{"name":"wp","href":"https:\/\/api.w.org\/{rel}","templated":true}]}}