{"id":250100,"date":"2026-03-24T09:50:27","date_gmt":"2026-03-24T16:50:27","guid":{"rendered":"https:\/\/rnoticias.com.mx\/Portal\/?p=250100"},"modified":"2026-03-24T09:50:27","modified_gmt":"2026-03-24T16:50:27","slug":"claudia-sheinbaum-rechaza-indultar-a-mario-aburto-por-el-asesinato-de-colosio","status":"publish","type":"post","link":"https:\/\/rnoticias.com.mx\/Portal\/2026\/03\/24\/claudia-sheinbaum-rechaza-indultar-a-mario-aburto-por-el-asesinato-de-colosio\/","title":{"rendered":"Claudia Sheinbaum rechaza indultar a Mario Aburto por el asesinato de Colosio"},"content":{"rendered":"<p>La presidenta\u00a0<strong>Claudia Sheinbaum<\/strong>\u00a0rechaz\u00f3 este martes indultar a\u00a0<strong>Mario Aburto<\/strong>, el asesino de\u00a0<strong>Luis Donaldo Colosio<\/strong>, esto luego de la petici\u00f3n del hijo del excandidato presidencial, Luis Donaldo Colosio Riojas.<\/p>\n<p>A 32 a\u00f1os del\u00a0<strong>magnicidio<\/strong>, Sheinbaum asegur\u00f3 que el asesinato de Colosio es \u201cun\u00a0<strong>asunto de Estado<\/strong>\u201d pero aclar\u00f3 que su Gobierno siempre ser\u00e1 solidario con las v\u00edctimas de este caso, expresando que \u201ceste joven vivi\u00f3 una situaci\u00f3n muy tr\u00e1gica con la muerte, con el magnicidio de su padre, y despu\u00e9s la muerte de su madre\u201d.<\/p>\n<p>Por ello, refiri\u00f3 que el\u00a0<strong>indulto<\/strong>\u00a0al responsable del crimen no le compete.<\/p>\n<p>La declaraci\u00f3n de la mandataria se da luego de que\u00a0<strong>Luis Donaldo Colosio Riojas<\/strong>, actualmente senador en\u00a0<strong>Nuevo Le\u00f3n<\/strong>, solicitara a Sheinbaum conceder el perd\u00f3n legal a Aburto.<\/p>\n<p>Colosio Riojas consider\u00f3 que el caso de su padre ha sido utilizado con<strong>\u00a0fines pol\u00edticos<\/strong>\u00a0durante a\u00f1os, afirmando que su intenci\u00f3n no es reabrir investigaciones ni alimentar disputas pol\u00edticas que puedan da\u00f1ar la imagen de su padre.<\/p>\n<p>Cabe recordar que Colosio, entonces candidato presidencial por el\u00a0<strong>Partido Revolucionario Institucional\u00a0<\/strong>(PRI), fue asesinado el 23 de marzo de 1994 durante un mitin en Lomas Taurinas,\u00a0<strong>Tijuana<\/strong>, volvi\u00e9ndose uno de los cr\u00edmenes m\u00e1s emblem\u00e1ticos de la historia de\u00a0<strong>M\u00e9xico<\/strong>.<\/p>\n","protected":false},"excerpt":{"rendered":"<p>La presidenta\u00a0Claudia Sheinbaum\u00a0rechaz\u00f3 este martes indultar a\u00a0Mario Aburto, el asesino de\u00a0Luis Donaldo Colosio, esto luego de la petici\u00f3n del hijo del excandidato presidencial, Luis Donaldo Colosio Riojas. A 32 a\u00f1os del\u00a0magnicidio, Sheinbaum asegur\u00f3 que el asesinato de Colosio es \u201cun\u00a0asunto de Estado\u201d pero aclar\u00f3 que su Gobierno siempre ser\u00e1 solidario con las v\u00edctimas de este [&hellip;]<\/p>\n","protected":false},"author":2,"featured_media":250101,"comment_status":"closed","ping_status":"closed","sticky":false,"template":"","format":"standard","meta":{"footnotes":""},"categories":[12870,12868],"tags":[12865,12879],"class_list":["post-250100","post","type-post","status-publish","format-standard","has-post-thumbnail","hentry","category-destacadas","category-politica","tag-destacadas","tag-politica"],"jetpack_featured_media_url":"https:\/\/rnoticias.com.mx\/Portal\/wp-content\/uploads\/2026\/03\/f960x540-342543_416618_5050.jpg","amp_enabled":true,"_links":{"self":[{"href":"https:\/\/rnoticias.com.mx\/Portal\/wp-json\/wp\/v2\/posts\/250100","targetHints":{"allow":["GET"]}}],"collection":[{"href":"https:\/\/rnoticias.com.mx\/Portal\/wp-json\/wp\/v2\/posts"}],"about":[{"href":"https:\/\/rnoticias.com.mx\/Portal\/wp-json\/wp\/v2\/types\/post"}],"author":[{"embeddable":true,"href":"https:\/\/rnoticias.com.mx\/Portal\/wp-json\/wp\/v2\/users\/2"}],"replies":[{"embeddable":true,"href":"https:\/\/rnoticias.com.mx\/Portal\/wp-json\/wp\/v2\/comments?post=250100"}],"version-history":[{"count":1,"href":"https:\/\/rnoticias.com.mx\/Portal\/wp-json\/wp\/v2\/posts\/250100\/revisions"}],"predecessor-version":[{"id":250102,"href":"https:\/\/rnoticias.com.mx\/Portal\/wp-json\/wp\/v2\/posts\/250100\/revisions\/250102"}],"wp:featuredmedia":[{"embeddable":true,"href":"https:\/\/rnoticias.com.mx\/Portal\/wp-json\/wp\/v2\/media\/250101"}],"wp:attachment":[{"href":"https:\/\/rnoticias.com.mx\/Portal\/wp-json\/wp\/v2\/media?parent=250100"}],"wp:term":[{"taxonomy":"category","embeddable":true,"href":"https:\/\/rnoticias.com.mx\/Portal\/wp-json\/wp\/v2\/categories?post=250100"},{"taxonomy":"post_tag","embeddable":true,"href":"https:\/\/rnoticias.com.mx\/Portal\/wp-json\/wp\/v2\/tags?post=250100"}],"curies":[{"name":"wp","href":"https:\/\/api.w.org\/{rel}","templated":true}]}}