{"id":250035,"date":"2026-03-23T21:03:35","date_gmt":"2026-03-24T04:03:35","guid":{"rendered":"https:\/\/rnoticias.com.mx\/Portal\/?p=250035"},"modified":"2026-03-23T21:03:35","modified_gmt":"2026-03-24T04:03:35","slug":"fgjes-obtiene-vinculacion-a-proceso-contra-sujeto-por-abuso-sexual-y-violacion-equiparada-agravada-en-agua-prieta","status":"publish","type":"post","link":"https:\/\/rnoticias.com.mx\/Portal\/2026\/03\/23\/fgjes-obtiene-vinculacion-a-proceso-contra-sujeto-por-abuso-sexual-y-violacion-equiparada-agravada-en-agua-prieta\/","title":{"rendered":"FGJES obtiene vinculaci\u00f3n a proceso contra sujeto por abuso sexual y violaci\u00f3n equiparada agravada en Agua Prieta"},"content":{"rendered":"<p>Agua Prieta, Sonora, 23 de marzo de 2026.- La Fiscal\u00eda General de Justicia del Estado de Sonora (FGJES) obtuvo vinculaci\u00f3n a proceso contra Arnulfo &#8220;N&#8221; por abuso sexual y violaci\u00f3n equiparada agravada cometidos contra una menor de identidad reservada en Agua Prieta.<\/p>\n<p>Derivado de las investigaciones, el imputado cometi\u00f3 los delitos se\u00f1alados entre los d\u00edas del mes de febrero del 2023 y noviembre de 2025, al encontrarse en el domicilio ubicado sobre el callej\u00f3n de la colonia Buenos Aires.<\/p>\n<p>En dicho lugar y en otro ejecut\u00f3 actos er\u00f3ticos sin consentimiento en la menor hoy pasiva.<\/p>\n<p>Tras la aprehensi\u00f3n, el Ministerio P\u00fablico formul\u00f3 imputaci\u00f3n y el Juez vincul\u00f3 a proceso al sujeto y emiti\u00f3 la medida cautelar de prisi\u00f3n preventiva justificada.<\/p>\n<p>La Fiscal\u00eda General de Justicia del Estado de Sonora (FGJES) reitera su compromiso de velar por los derechos de las v\u00edctimas y perseguir los delitos que atenten contra la ni\u00f1ez sonorense.<\/p>\n","protected":false},"excerpt":{"rendered":"<p>Agua Prieta, Sonora, 23 de marzo de 2026.- La Fiscal\u00eda General de Justicia del Estado de Sonora (FGJES) obtuvo vinculaci\u00f3n a proceso contra Arnulfo &#8220;N&#8221; por abuso sexual y violaci\u00f3n equiparada agravada cometidos contra una menor de identidad reservada en Agua Prieta. Derivado de las investigaciones, el imputado cometi\u00f3 los delitos se\u00f1alados entre los d\u00edas [&hellip;]<\/p>\n","protected":false},"author":2,"featured_media":250036,"comment_status":"closed","ping_status":"closed","sticky":false,"template":"","format":"standard","meta":{"footnotes":""},"categories":[12870,174],"tags":[12865,12873],"class_list":["post-250035","post","type-post","status-publish","format-standard","has-post-thumbnail","hentry","category-destacadas","category-estatal","tag-destacadas","tag-estatal"],"jetpack_featured_media_url":"https:\/\/rnoticias.com.mx\/Portal\/wp-content\/uploads\/2026\/03\/ww.jpg","amp_enabled":true,"_links":{"self":[{"href":"https:\/\/rnoticias.com.mx\/Portal\/wp-json\/wp\/v2\/posts\/250035","targetHints":{"allow":["GET"]}}],"collection":[{"href":"https:\/\/rnoticias.com.mx\/Portal\/wp-json\/wp\/v2\/posts"}],"about":[{"href":"https:\/\/rnoticias.com.mx\/Portal\/wp-json\/wp\/v2\/types\/post"}],"author":[{"embeddable":true,"href":"https:\/\/rnoticias.com.mx\/Portal\/wp-json\/wp\/v2\/users\/2"}],"replies":[{"embeddable":true,"href":"https:\/\/rnoticias.com.mx\/Portal\/wp-json\/wp\/v2\/comments?post=250035"}],"version-history":[{"count":1,"href":"https:\/\/rnoticias.com.mx\/Portal\/wp-json\/wp\/v2\/posts\/250035\/revisions"}],"predecessor-version":[{"id":250037,"href":"https:\/\/rnoticias.com.mx\/Portal\/wp-json\/wp\/v2\/posts\/250035\/revisions\/250037"}],"wp:featuredmedia":[{"embeddable":true,"href":"https:\/\/rnoticias.com.mx\/Portal\/wp-json\/wp\/v2\/media\/250036"}],"wp:attachment":[{"href":"https:\/\/rnoticias.com.mx\/Portal\/wp-json\/wp\/v2\/media?parent=250035"}],"wp:term":[{"taxonomy":"category","embeddable":true,"href":"https:\/\/rnoticias.com.mx\/Portal\/wp-json\/wp\/v2\/categories?post=250035"},{"taxonomy":"post_tag","embeddable":true,"href":"https:\/\/rnoticias.com.mx\/Portal\/wp-json\/wp\/v2\/tags?post=250035"}],"curies":[{"name":"wp","href":"https:\/\/api.w.org\/{rel}","templated":true}]}}