{"id":250022,"date":"2026-03-23T19:32:09","date_gmt":"2026-03-24T02:32:09","guid":{"rendered":"https:\/\/rnoticias.com.mx\/Portal\/?p=250022"},"modified":"2026-03-23T19:32:09","modified_gmt":"2026-03-24T02:32:09","slug":"capacitacion-para-el-trabajo-fortalece-la-reinsercion-social-en-el-siep-sonora","status":"publish","type":"post","link":"https:\/\/rnoticias.com.mx\/Portal\/2026\/03\/23\/capacitacion-para-el-trabajo-fortalece-la-reinsercion-social-en-el-siep-sonora\/","title":{"rendered":"Capacitaci\u00f3n para el trabajo fortalece la reinserci\u00f3n social en el SIEP Sonora"},"content":{"rendered":"<p>Hermosillo, Sonora; 23 de marzo de 2026.- Para generar mayores oportunidades laborales de utilidad al momento de su egreso, personas privadas de su libertad del Centro de Reinserci\u00f3n Social (Cereso) 2 en Hermosillo, se capacitan durante su internamiento en oficios inform\u00f3, el Sistema Estatal Penitenciario (SIEP) en Sonora.<\/p>\n<p>Con el apoyo del Instituto de Capacitaci\u00f3n para el Trabajo del Estado de Sonora (Icatson), se provee a la poblaci\u00f3n de herramientas \u00fatiles para desempe\u00f1arse en un empleo una vez incorporados a la sociedad que les permita independencia laboral y beneficios econ\u00f3micos para sus familias.<\/p>\n<p>Recientemente, un grupo representativo del Cereso 2 tras finalizar su capacitaci\u00f3n en los talleres de computaci\u00f3n b\u00e1sica y mantenimiento de equipo de c\u00f3mputo, recibieron certificados oficiales que acreditan sus estudios.<\/p>\n<p>El SIEP en Sonora, reconoci\u00f3 el soporte de las autoridades del Icatson en los procesos de reinserci\u00f3n social, por ofrecer opciones educativas que sin duda, fortalecen las capacidades de los internos.<\/p>\n","protected":false},"excerpt":{"rendered":"<p>Hermosillo, Sonora; 23 de marzo de 2026.- Para generar mayores oportunidades laborales de utilidad al momento de su egreso, personas privadas de su libertad del Centro de Reinserci\u00f3n Social (Cereso) 2 en Hermosillo, se capacitan durante su internamiento en oficios inform\u00f3, el Sistema Estatal Penitenciario (SIEP) en Sonora. Con el apoyo del Instituto de Capacitaci\u00f3n [&hellip;]<\/p>\n","protected":false},"author":2,"featured_media":250023,"comment_status":"closed","ping_status":"closed","sticky":false,"template":"","format":"standard","meta":{"footnotes":""},"categories":[12870,178],"tags":[12865,12869],"class_list":["post-250022","post","type-post","status-publish","format-standard","has-post-thumbnail","hentry","category-destacadas","category-local","tag-destacadas","tag-local"],"jetpack_featured_media_url":"https:\/\/rnoticias.com.mx\/Portal\/wp-content\/uploads\/2026\/03\/54-1.jpg","amp_enabled":true,"_links":{"self":[{"href":"https:\/\/rnoticias.com.mx\/Portal\/wp-json\/wp\/v2\/posts\/250022","targetHints":{"allow":["GET"]}}],"collection":[{"href":"https:\/\/rnoticias.com.mx\/Portal\/wp-json\/wp\/v2\/posts"}],"about":[{"href":"https:\/\/rnoticias.com.mx\/Portal\/wp-json\/wp\/v2\/types\/post"}],"author":[{"embeddable":true,"href":"https:\/\/rnoticias.com.mx\/Portal\/wp-json\/wp\/v2\/users\/2"}],"replies":[{"embeddable":true,"href":"https:\/\/rnoticias.com.mx\/Portal\/wp-json\/wp\/v2\/comments?post=250022"}],"version-history":[{"count":1,"href":"https:\/\/rnoticias.com.mx\/Portal\/wp-json\/wp\/v2\/posts\/250022\/revisions"}],"predecessor-version":[{"id":250024,"href":"https:\/\/rnoticias.com.mx\/Portal\/wp-json\/wp\/v2\/posts\/250022\/revisions\/250024"}],"wp:featuredmedia":[{"embeddable":true,"href":"https:\/\/rnoticias.com.mx\/Portal\/wp-json\/wp\/v2\/media\/250023"}],"wp:attachment":[{"href":"https:\/\/rnoticias.com.mx\/Portal\/wp-json\/wp\/v2\/media?parent=250022"}],"wp:term":[{"taxonomy":"category","embeddable":true,"href":"https:\/\/rnoticias.com.mx\/Portal\/wp-json\/wp\/v2\/categories?post=250022"},{"taxonomy":"post_tag","embeddable":true,"href":"https:\/\/rnoticias.com.mx\/Portal\/wp-json\/wp\/v2\/tags?post=250022"}],"curies":[{"name":"wp","href":"https:\/\/api.w.org\/{rel}","templated":true}]}}