{"id":250013,"date":"2026-03-23T18:46:20","date_gmt":"2026-03-24T01:46:20","guid":{"rendered":"https:\/\/rnoticias.com.mx\/Portal\/?p=250013"},"modified":"2026-03-23T18:46:20","modified_gmt":"2026-03-24T01:46:20","slug":"violencia-digital-contra-mujeres-en-la-vida-publica-exige-respuestas-institucionales-firmes","status":"publish","type":"post","link":"https:\/\/rnoticias.com.mx\/Portal\/2026\/03\/23\/violencia-digital-contra-mujeres-en-la-vida-publica-exige-respuestas-institucionales-firmes\/","title":{"rendered":"Violencia digital contra mujeres en la vida p\u00fablica exige respuestas institucionales firmes"},"content":{"rendered":"<p class=\"x_MsoNormal\"><span data-olk-copy-source=\"MessageBody\">En un an\u00e1lisis conjunto sobre la violencia digital contra las mujeres en el \u00e1mbito p\u00fablico, vocales ejecutivas del Instituto Nacional Electoral (INE) coincidieron en que este fen\u00f3meno representa un riesgo creciente para la democracia, al afectar directamente la participaci\u00f3n pol\u00edtica y el ejercicio de la funci\u00f3n p\u00fablica. Se\u00f1alaron que pr\u00e1cticas como el ciberacoso y \u201cla funa\u201d han escalado en complejidad debido al anonimato, la viralizaci\u00f3n en redes sociales y la falta de regulaci\u00f3n efectiva de plataformas digitales.<\/span><\/p>\n<p class=\"x_MsoNormal\">\n<p class=\"x_MsoNormal\">Durante las actividades de reflexi\u00f3n sobre la erradicaci\u00f3n de la Violencia Pol\u00edtica contra las Mujeres en Raz\u00f3n de G\u00e9nero (VPMRG) impulsadas por el Observatorio de Participaci\u00f3n Pol\u00edtica de las Mujeres en M\u00e9xico, se present\u00f3 el Panel 3:\u00a0<i>Ciberacoso (la Funa) contra las Mujeres y su Anonimato<\/i>, en donde las participantes destacaron que los principales desaf\u00edos radican en la impunidad de los agresores, la dificultad para identificar responsabilidades sin vulnerar derechos digitales y la normalizaci\u00f3n de estas conductas.<\/p>\n<p class=\"x_MsoNormal\">\n<p class=\"x_MsoNormal\">Asimismo, por separado y con matices, desde la sala virtual, coincidieron en la urgencia de fortalecer la educaci\u00f3n digital, establecer protocolos institucionales claros, garantizar mecanismos de denuncia accesibles y construir redes de apoyo para las v\u00edctimas, a fin de prevenir y atender la violencia con un enfoque integral y de g\u00e9nero.<\/p>\n<p class=\"x_MsoNormal\">\n<p class=\"x_MsoNormal\">Mirna Eugenia Gardu\u00f1o Ruiz, Encargada de la Vocal\u00eda Ejecutiva de la Junta Local Ejecutiva del INE en Tlaxcala, advirti\u00f3 que la violencia digital incide directamente en el ejercicio de la funci\u00f3n p\u00fablica y puede trascender al \u00e1mbito f\u00edsico debido a la exposici\u00f3n de datos personales. Subray\u00f3 que \u201cla funa\u201d tiene un car\u00e1cter punitivo que no busca reparaci\u00f3n del da\u00f1o y que, adem\u00e1s de afectar a las mujeres, deteriora el tejido social y democr\u00e1tico. Destac\u00f3 la influencia de mecanismos de recomendaci\u00f3n digital que privilegian contenidos negativos y plante\u00f3 la necesidad de \u201ceducar al algoritmo\u201d para detectar y frenar agresiones en l\u00ednea.<\/p>\n<p class=\"x_MsoNormal\">\n<p class=\"x_MsoNormal\">La Vocal Ejecutiva de la Junta Local Ejecutiva del INE en Zacatecas, Aracely Fr\u00edas L\u00f3pez, asever\u00f3 que el anonimato en internet, aunque protege la libertad de expresi\u00f3n, tambi\u00e9n facilita conductas violentas, al permitir a los agresores evadir responsabilidades. Identific\u00f3 como retos la impunidad percibida, la dificultad para rastrear identidades y los ataques coordinados que amplifican el da\u00f1o. Enfatiz\u00f3 que estas agresiones no son simples opiniones, sino formas de violencia que afectan la salud emocional, la reputaci\u00f3n y la participaci\u00f3n p\u00fablica; por lo que llam\u00f3 a no normalizarlas y a fortalecer redes institucionales de acompa\u00f1amiento.<\/p>\n<p class=\"x_MsoNormal\">\n<p class=\"x_MsoNormal\">En seguida, Itzel Aguilar Ambrocio, Vocal Ejecutiva de la Junta Local Ejecutiva del INE en Campeche, afirm\u00f3 a su vez que el ciberacoso y \u201cla funa\u201d constituyen expresiones de agresi\u00f3n de g\u00e9nero que pueden derivar en violencia pol\u00edtica contra las mujeres. Resalt\u00f3 la necesidad de diferenciar conceptos para su correcta atenci\u00f3n y de equilibrar la privacidad con la rendici\u00f3n de cuentas al investigar agresiones. Propuso fortalecer la educaci\u00f3n digital con enfoque de g\u00e9nero, implementar protocolos claros de actuaci\u00f3n y consolidar mecanismos de denuncia eficaces, al advertir que la violencia digital limita la participaci\u00f3n pol\u00edtica de las mujeres y debilita la igualdad democr\u00e1tica.<\/p>\n<p class=\"x_MsoNormal\">\n<p class=\"x_MsoNormal\">Mar\u00eda Luisa Flores Huerta, Vocal Ejecutiva de la Junta Local Ejecutiva en Quer\u00e9taro, quien fungi\u00f3 como moderadora del Panel 3:<i>\u00a0Ciberacoso (la Funa) contra las Mujeres y su Anonimato,<\/i>\u00a0finaliz\u00f3 diciendo: \u201cPara combatir el acoso an\u00f3nimo levantemos la voz tan alto, que podamos anular el ruido que provoca\u201d.<\/p>\n","protected":false},"excerpt":{"rendered":"<p>En un an\u00e1lisis conjunto sobre la violencia digital contra las mujeres en el \u00e1mbito p\u00fablico, vocales ejecutivas del Instituto Nacional Electoral (INE) coincidieron en que este fen\u00f3meno representa un riesgo creciente para la democracia, al afectar directamente la participaci\u00f3n pol\u00edtica y el ejercicio de la funci\u00f3n p\u00fablica. Se\u00f1alaron que pr\u00e1cticas como el ciberacoso y \u201cla [&hellip;]<\/p>\n","protected":false},"author":2,"featured_media":250014,"comment_status":"closed","ping_status":"closed","sticky":false,"template":"","format":"standard","meta":{"footnotes":""},"categories":[12868],"tags":[12879],"class_list":["post-250013","post","type-post","status-publish","format-standard","has-post-thumbnail","hentry","category-politica","tag-politica"],"jetpack_featured_media_url":"https:\/\/rnoticias.com.mx\/Portal\/wp-content\/uploads\/2026\/03\/Lopez-4-620x400-1.jpeg","amp_enabled":true,"_links":{"self":[{"href":"https:\/\/rnoticias.com.mx\/Portal\/wp-json\/wp\/v2\/posts\/250013","targetHints":{"allow":["GET"]}}],"collection":[{"href":"https:\/\/rnoticias.com.mx\/Portal\/wp-json\/wp\/v2\/posts"}],"about":[{"href":"https:\/\/rnoticias.com.mx\/Portal\/wp-json\/wp\/v2\/types\/post"}],"author":[{"embeddable":true,"href":"https:\/\/rnoticias.com.mx\/Portal\/wp-json\/wp\/v2\/users\/2"}],"replies":[{"embeddable":true,"href":"https:\/\/rnoticias.com.mx\/Portal\/wp-json\/wp\/v2\/comments?post=250013"}],"version-history":[{"count":1,"href":"https:\/\/rnoticias.com.mx\/Portal\/wp-json\/wp\/v2\/posts\/250013\/revisions"}],"predecessor-version":[{"id":250015,"href":"https:\/\/rnoticias.com.mx\/Portal\/wp-json\/wp\/v2\/posts\/250013\/revisions\/250015"}],"wp:featuredmedia":[{"embeddable":true,"href":"https:\/\/rnoticias.com.mx\/Portal\/wp-json\/wp\/v2\/media\/250014"}],"wp:attachment":[{"href":"https:\/\/rnoticias.com.mx\/Portal\/wp-json\/wp\/v2\/media?parent=250013"}],"wp:term":[{"taxonomy":"category","embeddable":true,"href":"https:\/\/rnoticias.com.mx\/Portal\/wp-json\/wp\/v2\/categories?post=250013"},{"taxonomy":"post_tag","embeddable":true,"href":"https:\/\/rnoticias.com.mx\/Portal\/wp-json\/wp\/v2\/tags?post=250013"}],"curies":[{"name":"wp","href":"https:\/\/api.w.org\/{rel}","templated":true}]}}