{"id":250010,"date":"2026-03-23T18:45:09","date_gmt":"2026-03-24T01:45:09","guid":{"rendered":"https:\/\/rnoticias.com.mx\/Portal\/?p=250010"},"modified":"2026-03-23T18:45:09","modified_gmt":"2026-03-24T01:45:09","slug":"declara-ine-improcedente-ordenar-el-retiro-de-promocionales-del-pt-y-morena-en-coahuila","status":"publish","type":"post","link":"https:\/\/rnoticias.com.mx\/Portal\/2026\/03\/23\/declara-ine-improcedente-ordenar-el-retiro-de-promocionales-del-pt-y-morena-en-coahuila\/","title":{"rendered":"Declara INE improcedente ordenar el retiro de promocionales del PT y Morena en Coahuila"},"content":{"rendered":"<p class=\"x_MsoNormal\"><span data-olk-copy-source=\"MessageBody\">La Comisi\u00f3n de Quejas y Denuncias del Instituto Nacional Electoral (INE) resolvi\u00f3 dos medidas cautelares, la primera solicitada por el Partido Revolucionario Institucional (PRI) en contra del Partido del Trabajo (PT) y el dirigente estatal de ese partido en Coahuila, respectivamente, derivado de la presunta difusi\u00f3n de propaganda institucional en periodo prohibido y violaci\u00f3n a las normas de propaganda de precampa\u00f1a; la segunda solicitada por el Partido Acci\u00f3n Nacional (PAN) en contra de Morena, derivado de la presunta transgresi\u00f3n a la normativa electoral local en materia de precampa\u00f1a en el marco del Proceso Electoral Local 2026 en Coahuila de Zaragoza.<\/span><\/p>\n<p class=\"x_MsoNormal\">\n<p class=\"x_MsoNormal\">En el primer asunto, se denunci\u00f3 la presunta vulneraci\u00f3n a las normas de precampa\u00f1a, derivado de la difusi\u00f3n de siete promocionales de radio y televisi\u00f3n identificados como \u201cPT COAHUILA\u201d, pues a decir del denunciante contiene propaganda institucional, cuya difusi\u00f3n se encuentra prohibida durante el periodo de precampa\u00f1as locales dentro del Proceso Electoral Local que actualmente se desarrolla.<\/p>\n<p class=\"x_MsoNormal\">\n<p class=\"x_MsoNormal\">En este caso, se determin\u00f3 declarar improcedente la adopci\u00f3n de las medidas cautelares solicitadas, toda vez que los materiales pautados para la precampa\u00f1a concluyeron su transmisi\u00f3n el 11 de marzo pasado, por lo que se trata de actos consumados.<\/p>\n<p class=\"x_MsoNormal\">\n<p class=\"x_MsoNormal\">Asimismo, derivado de una interpretaci\u00f3n arm\u00f3nica y sistem\u00e1tica del derecho de acceso permanente de los partidos pol\u00edticos a los tiempos que les corresponden en radio y televisi\u00f3n, a fin de garantizar el acceso que constitucionalmente les corresponden, en sede cautelar, se concluy\u00f3 que resulta improcedente ordenar el retiro de los promocionales pautados para su difusi\u00f3n durante el periodo de intercampa\u00f1a, es decir, del 21 al 25 de marzo del a\u00f1o en curso, pues su contenido es de \u00edndole general y no hace un llamado al voto a favor o contra de alg\u00fan partido, precandidatura o candidatura, ni presenta propuestas de gobierno, lo cual est\u00e1 permitido en esta fase del proceso electoral.<\/p>\n<p class=\"x_MsoNormal\">\n<p class=\"x_MsoNormal\">\n<p class=\"x_MsoNormal\">En el mismo sentido se resolvi\u00f3 la queja presentada por el PAN en contra de Morena consistente en la suspensi\u00f3n de cuatro promocionales de radio y 5 de televisi\u00f3n, identificados como \u201cPRE TOR\u201d, \u201cPRE TOR 4\u201d, \u201cPRE SALT\u201d, \u201cPRE SALT 2\u201d, \u201cPRE MON\u201d, \u201cPRE MONC 2\u201d, sobre diversas precandidaturas a diputaciones locales en Coahuila, lo anterior por la supuesta transgresi\u00f3n a las prohibiciones relacionadas con la difusi\u00f3n de propaganda de precandidaturas \u00fanicas, as\u00ed como de propaganda institucional.<\/p>\n<p class=\"x_MsoNormal\">\n<p class=\"x_MsoNormal\">El colegiado, de igual manera declar\u00f3 improcedente ordenar el retiro en lo que respecta a dos promocionales identificados como \u201cUNIDOS\u201d en su versi\u00f3n para radio y televisi\u00f3n, que fueron pautados para el periodo de intercampa\u00f1a, ya que de un an\u00e1lisis preliminar al contenido se advierte que el mismo es de inter\u00e9s general sin que existan llamados expresos al voto, ni alusiones a persona candidata alguna.<\/p>\n<p class=\"x_MsoNormal\">\n<p class=\"x_MsoNormal\">Finalmente, respecto de los promocionales pautados para el periodo de precampa\u00f1a se se\u00f1al\u00f3 que se est\u00e1 ante la presencia de un acto irreparable, lo anterior es as\u00ed, ya que el Instituto Estatal de Coahuila (IEC) realiz\u00f3 la solicitud de medidas cautelares con demora, lo que hizo imposible que, por la forma en la que se operan los pautados, se pudiera dictar la medida cautelar.<\/p>\n<p class=\"x_MsoNormal\">\n<p class=\"x_MsoNormal\">Por lo anterior, la Comisi\u00f3n de Quejas y Denuncias del INE formul\u00f3 un exhorto al Instituto Estatal de Coahuila para que, en lo sucesivo, atienda de manera expedita las solicitudes de medidas cautelares que sean de su conocimiento.<\/p>\n<p class=\"x_MsoNormal\">\n","protected":false},"excerpt":{"rendered":"<p>La Comisi\u00f3n de Quejas y Denuncias del Instituto Nacional Electoral (INE) resolvi\u00f3 dos medidas cautelares, la primera solicitada por el Partido Revolucionario Institucional (PRI) en contra del Partido del Trabajo (PT) y el dirigente estatal de ese partido en Coahuila, respectivamente, derivado de la presunta difusi\u00f3n de propaganda institucional en periodo prohibido y violaci\u00f3n a [&hellip;]<\/p>\n","protected":false},"author":2,"featured_media":250011,"comment_status":"closed","ping_status":"closed","sticky":false,"template":"","format":"standard","meta":{"footnotes":""},"categories":[12868],"tags":[12879],"class_list":["post-250010","post","type-post","status-publish","format-standard","has-post-thumbnail","hentry","category-politica","tag-politica"],"jetpack_featured_media_url":"https:\/\/rnoticias.com.mx\/Portal\/wp-content\/uploads\/2026\/03\/WhatsApp-Image-2026-03-20-at-6.50.38-PM.jpeg","amp_enabled":true,"_links":{"self":[{"href":"https:\/\/rnoticias.com.mx\/Portal\/wp-json\/wp\/v2\/posts\/250010","targetHints":{"allow":["GET"]}}],"collection":[{"href":"https:\/\/rnoticias.com.mx\/Portal\/wp-json\/wp\/v2\/posts"}],"about":[{"href":"https:\/\/rnoticias.com.mx\/Portal\/wp-json\/wp\/v2\/types\/post"}],"author":[{"embeddable":true,"href":"https:\/\/rnoticias.com.mx\/Portal\/wp-json\/wp\/v2\/users\/2"}],"replies":[{"embeddable":true,"href":"https:\/\/rnoticias.com.mx\/Portal\/wp-json\/wp\/v2\/comments?post=250010"}],"version-history":[{"count":1,"href":"https:\/\/rnoticias.com.mx\/Portal\/wp-json\/wp\/v2\/posts\/250010\/revisions"}],"predecessor-version":[{"id":250012,"href":"https:\/\/rnoticias.com.mx\/Portal\/wp-json\/wp\/v2\/posts\/250010\/revisions\/250012"}],"wp:featuredmedia":[{"embeddable":true,"href":"https:\/\/rnoticias.com.mx\/Portal\/wp-json\/wp\/v2\/media\/250011"}],"wp:attachment":[{"href":"https:\/\/rnoticias.com.mx\/Portal\/wp-json\/wp\/v2\/media?parent=250010"}],"wp:term":[{"taxonomy":"category","embeddable":true,"href":"https:\/\/rnoticias.com.mx\/Portal\/wp-json\/wp\/v2\/categories?post=250010"},{"taxonomy":"post_tag","embeddable":true,"href":"https:\/\/rnoticias.com.mx\/Portal\/wp-json\/wp\/v2\/tags?post=250010"}],"curies":[{"name":"wp","href":"https:\/\/api.w.org\/{rel}","templated":true}]}}